{"id":12090,"date":"2021-01-20T23:46:38","date_gmt":"2021-01-20T23:46:38","guid":{"rendered":"http:\/\/hormigaradio.com\/?p=12090"},"modified":"2021-01-20T23:48:51","modified_gmt":"2021-01-20T23:48:51","slug":"augusto-reyes-nuevo-presidente-asociacion-empresas-zonas-francas-santiago","status":"publish","type":"post","link":"https:\/\/hormigaradio.com\/?p=12090","title":{"rendered":"AUGUSTO REYES, NUEVO PRESIDENTE  ASOCIACI\u00d3N EMPRESAS ZONAS FRANCAS SANTIAGO"},"content":{"rendered":"<div><strong>Firma invitada\/H.R.<\/strong><\/div>\n<div><\/div>\n<div>\n<figure id=\"attachment_12092\" aria-describedby=\"caption-attachment-12092\" style=\"width: 300px\" class=\"wp-caption alignleft\"><a href=\"http:\/\/hormigaradio.com\/?attachment_id=12092\" rel=\"attachment wp-att-12092\"><img loading=\"lazy\" class=\"wp-image-12092 size-medium\" src=\"http:\/\/hormigaradio.com\/wp-content\/uploads\/2021\/01\/Augusto-1-300x200.jpg\" alt=\"\" width=\"300\" height=\"200\" srcset=\"https:\/\/hormigaradio.com\/wp-content\/uploads\/2021\/01\/Augusto-1-300x200.jpg 300w, https:\/\/hormigaradio.com\/wp-content\/uploads\/2021\/01\/Augusto-1-768x512.jpg 768w, https:\/\/hormigaradio.com\/wp-content\/uploads\/2021\/01\/Augusto-1-1024x683.jpg 1024w\" sizes=\"(max-width: 300px) 100vw, 300px\" \/><\/a><figcaption id=\"caption-attachment-12092\" class=\"wp-caption-text\"><em><strong>Augusto Reyes.<\/strong><\/em><\/figcaption><\/figure>\n<\/div>\n<div>El empresario tabaquero, Augusto Reyes Vargas fue juramentado como presidente de la Asociaci\u00f3n de Empresas de Zonas Francas de Santiago para el periodo 2021-2023 durante la Asamblea General Ordinaria y Eleccionaria celebrada en los salones del Centro de Innovaci\u00f3n y Capacitaci\u00f3n Profesional, Capex.<\/div>\n<div>Al asumir las riendas de la instituci\u00f3n que agrupa a empresas de zonas francas de la provincia, Augusto Reyes Vargas se comprometi\u00f3 a contribuir al crecimiento del sector, en un tiempo de crisis en que las zonas francas han demostrado su capacidad de reinventarse y de este modo mantener su posicionamiento internacional y la rentabilidad de sus operaciones.<\/div>\n<div><\/div>\n<div>\u0308&#8221;Continuaremos trabajando por el desarrollo de las zonas francas dominicanas trabajando de la mano de ADOZONA, el MICM y el CNZFE. Tambi\u00e9n queremos enfocarnos en continuar el proceso de fortalecimiento institucional interno de la Asociaci\u00f3n, aumentar su representatividad y el servicio brindado a los socios&#8221;, expres\u00f3 Augusto Reyes Vargas.<\/div>\n<div><\/div>\n<div>El presidente saliente, Luis Jos\u00e9 Bonilla, quien presidi\u00f3 la AEZFS durante una d\u00e9cada, se refiri\u00f3 a la recuperaci\u00f3n del sector luego del cierre parcial y temporal a ra\u00edz del COVID-19. Expres\u00f3 que las empresas de zonas francas de la regi\u00f3n actualmente operan en un cien por ciento y con casi la totalidad de empleos recuperados.<\/div>\n<div><\/div>\n<div>&#8220;Ahora m\u00e1s que nunca, debemos continuar atentos a enfrentar los retos y potencializar las oportunidades que podemos aprovechar como sector para mantener las empresas, generar empleos y atraer nuevas inversiones&#8221;, manifest\u00f3 Bonilla Bojos.<\/div>\n<div><\/div>\n<div>La directiva la conforman Augusto Reyes, de Swisher Dominicana como presidente; Marco Cabral de Impresora del Yaque, primer vicepresidente; Joe Torres de RJ Torres, segundo vicepresidente; Oscar Fr\u00edas de Swedish Match Dominicana, secretario; Frank Rodr\u00edguez de Caribbean Industrial Park, tesorero. Adem\u00e1s, fungen como vocales: Jos\u00e9 M. Clase de D\u00b4Clase Corporation; Ian Carlos \u00c1lvarez de Synergies Strategic Service; Martin Rivas Capell\u00e1n de Parque Industrial Zona Franca Navarrete; Pablo Granados de Parque Industrial Zona Franca Tamboril; Kevin Cabral de Hilos A&amp;E Dominicana; Diosnedy Est\u00e9vez de Sewn Products; Catalina Berm\u00fadez de Art\u00edculos de Piel Los Favoritos y Ana Patricia Bonilla de Bojos Tanning. Anabel Ogando contin\u00faa a cargo de la Direcci\u00f3n Ejecutiva.<\/div>\n<p>Impactos: 81<\/p>","protected":false},"excerpt":{"rendered":"<p>Firma invitada\/H.R. El empresario tabaquero, Augusto Reyes Vargas fue juramentado como presidente de la Asociaci\u00f3n de Empresas de Zonas Francas de Santiago para el<\/p>\n","protected":false},"author":3,"featured_media":12094,"comment_status":"open","ping_status":"closed","sticky":false,"template":"","format":"standard","meta":[],"categories":[3],"tags":[],"_links":{"self":[{"href":"https:\/\/hormigaradio.com\/index.php?rest_route=\/wp\/v2\/posts\/12090"}],"collection":[{"href":"https:\/\/hormigaradio.com\/index.php?rest_route=\/wp\/v2\/posts"}],"about":[{"href":"https:\/\/hormigaradio.com\/index.php?rest_route=\/wp\/v2\/types\/post"}],"author":[{"embeddable":true,"href":"https:\/\/hormigaradio.com\/index.php?rest_route=\/wp\/v2\/users\/3"}],"replies":[{"embeddable":true,"href":"https:\/\/hormigaradio.com\/index.php?rest_route=%2Fwp%2Fv2%2Fcomments&post=12090"}],"version-history":[{"count":3,"href":"https:\/\/hormigaradio.com\/index.php?rest_route=\/wp\/v2\/posts\/12090\/revisions"}],"predecessor-version":[{"id":12095,"href":"https:\/\/hormigaradio.com\/index.php?rest_route=\/wp\/v2\/posts\/12090\/revisions\/12095"}],"wp:featuredmedia":[{"embeddable":true,"href":"https:\/\/hormigaradio.com\/index.php?rest_route=\/wp\/v2\/media\/12094"}],"wp:attachment":[{"href":"https:\/\/hormigaradio.com\/index.php?rest_route=%2Fwp%2Fv2%2Fmedia&parent=12090"}],"wp:term":[{"taxonomy":"category","embeddable":true,"href":"https:\/\/hormigaradio.com\/index.php?rest_route=%2Fwp%2Fv2%2Fcategories&post=12090"},{"taxonomy":"post_tag","embeddable":true,"href":"https:\/\/hormigaradio.com\/index.php?rest_route=%2Fwp%2Fv2%2Ftags&post=12090"}],"curies":[{"name":"wp","href":"https:\/\/api.w.org\/{rel}","templated":true}]}}