{"id":12127,"date":"2021-01-25T02:20:12","date_gmt":"2021-01-25T02:20:12","guid":{"rendered":"http:\/\/hormigaradio.com\/?p=12127"},"modified":"2021-01-25T02:20:12","modified_gmt":"2021-01-25T02:20:12","slug":"lopez-obrador-presidente-de-mexico-tiene-covid-19","status":"publish","type":"post","link":"https:\/\/hormigaradio.com\/?p=12127","title":{"rendered":"L\u00d3PEZ OBRADOR PRESIDENTE DE M\u00c9XICO TIENE COVID 19"},"content":{"rendered":"<div class=\"article-body-content\">\n<p>Por\u00a0<a class=\"text-font font-700\" href=\"https:\/\/acento.com.do\/autor\/index.html?user_slug=servicios\">SERVICIOS DE ACENTO.COM.DO<\/a><\/p>\n<figure id=\"attachment_2569\" aria-describedby=\"caption-attachment-2569\" style=\"width: 300px\" class=\"wp-caption alignleft\"><a href=\"http:\/\/hormigaradio.com\/?attachment_id=2569\" rel=\"attachment wp-att-2569\"><img loading=\"lazy\" class=\"wp-image-2569 size-medium\" src=\"http:\/\/hormigaradio.com\/wp-content\/uploads\/2018\/07\/AMLO-300x200.jpg\" alt=\"\" width=\"300\" height=\"200\" srcset=\"https:\/\/hormigaradio.com\/wp-content\/uploads\/2018\/07\/AMLO-300x200.jpg 300w, https:\/\/hormigaradio.com\/wp-content\/uploads\/2018\/07\/AMLO-768x513.jpg 768w, https:\/\/hormigaradio.com\/wp-content\/uploads\/2018\/07\/AMLO.jpg 800w\" sizes=\"(max-width: 300px) 100vw, 300px\" \/><\/a><figcaption id=\"caption-attachment-2569\" class=\"wp-caption-text\"><em><strong>Andr\u00e9s Manuel L\u00f3pez Obrador.<\/strong><\/em><\/figcaption><\/figure>\n<p>M\u00c9XICO.- El presidente mexicano, Andr\u00e9s Manuel L\u00f3pez Obrador, de 67 a\u00f1os, anunci\u00f3 este domingo que ha sido diagnosticado de covid-19 y que se encuentra bajo &#8220;tratamiento m\u00e9dico&#8221; a pesar de que tiene s\u00edntomas leves.<\/p>\n<p>&#8220;Lamento informarles que estoy contagiado de COVID-19. Los s\u00edntomas son leves, pero ya estoy en tratamiento m\u00e9dico. Como siempre, soy optimista. Saldremos adelante todos&#8221;, inform\u00f3 a trav\u00e9s de redes sociales.<\/p>\n<p>L\u00f3pez Obrador explic\u00f3 que durante los pr\u00f3ximos d\u00edas la secretaria de Gobernaci\u00f3n, Olga S\u00e1nchez Cordero, le &#8220;representar\u00e1&#8221; en las conferencias de prensa matutinas que cada d\u00eda ofrece el presidente.<\/p>\n<p>A pesar de haber dado positivo, el mandatario asegur\u00f3 que seguir\u00e1 &#8220;pendiente de los asuntos p\u00fablicos desde Palacio Nacional&#8221;, donde est\u00e1 su residencia, y que el lunes atender\u00e1 la llamada prevista con el presidente ruso, Vladimir Putin, para abordar el suministro de la vacuna rusa.<\/p>\n<p>&#8220;Ma\u00f1ana atender\u00e9 una llamada con el presidente Vladimir Putin porque, independientemente de las relaciones de amistad, existe la posibilidad de que nos env\u00eden la vacuna Sputnik V&#8221;, expres\u00f3.<\/p>\n<p>Este mismo domingo, L\u00f3pez Obrador particip\u00f3 en la inauguraci\u00f3n de unas instalaciones de la Guardia Nacional en el estado de San Luis Potos\u00ed junto al gobernador del estado, Juan Manuel Carreras, y los secretarios de Seguridad, Rosa Icela Rodr\u00edguez; de la Marina, Rafael Ojeda; y de la Defensa Nacional, Luis Cresencio Sandoval.<\/p>\n<p>El s\u00e1bado estuvo de gira en el estado de Nuevo Le\u00f3n donde tambi\u00e9n coincidi\u00f3 con el gobernador, Jaime Rodr\u00edguez.<\/p>\n<p><strong>PRESIDENTE SIN MASCARILLA<\/strong><\/p>\n<p>En ninguno de sus actos el presidente llev\u00f3 mascarilla, pues L\u00f3pez Obrador se ha negado a portarla en p\u00fablico desde el inicio de la pandemia y hace meses retom\u00f3 sus giras por el territorio mexicano.<\/p>\n<p>Durante la semana tambi\u00e9n ha tenido encuentros con varios miembros de su gabinete, como el canciller, Marcelo Ebrard, con quien estuvo el viernes durante la llamada con el presidente de Estados Unidos, Joe Biden.<\/p>\n<p>&#8220;Mis mejores deseos para pronto restablecimiento a nuestro presidente Andr\u00e9s Manuel L\u00f3pez Obrador. Saldr\u00e1 adelante&#8221;, public\u00f3 en Twitter Ebrard, uno de muchos ministros que expresaron su apoyo al mandatario tras conocerse la noticia.<\/p>\n<p>La alcaldesa de Ciudad de M\u00e9xico, Claudia Sheinbaum, quien ya pas\u00f3 la covid-19, se mostr\u00f3 convencida de que L\u00f3pez Obrador saldr\u00e1 &#8220;bien&#8221; gracias a su &#8220;fortaleza, convicci\u00f3n y amor por la vida&#8221;.<\/p>\n<p>&#8220;Deseo, sinceramente, una pronta recuperaci\u00f3n al presidente&#8221;, dijo a su vez el exmandatario Felipe Calder\u00f3n (2006-2012), rival pol\u00edtico de L\u00f3pez Obrador.<\/p>\n<p>M\u00e9xico acumula 1,7 millones de enfermos y roza los 150 mil decesos tras una semana en la que se han encadenado tres r\u00e9cords de contagios y muertes diarias.<\/p>\n<p>Con estos datos es el cuarto pa\u00eds del mundo en n\u00famero de decesos, por detr\u00e1s de Estados Unidos, Brasil y la India, de acuerdo con la Universidad John Hopkins. EFE<\/p>\n<\/div>\n<div id=\"tags\" class=\"tags flex-container align-center flex-wrap\"><a class=\"single-tag\" href=\"https:\/\/acento.com.do\/tags.html?tag=andres-manuel-lopez-obrador\">ANDR\u00c9S MANUEL L\u00d3PEZ OBRADOR<\/a><\/div>\n<p>Impactos: 72<\/p>","protected":false},"excerpt":{"rendered":"<p>Por\u00a0SERVICIOS DE ACENTO.COM.DO M\u00c9XICO.- El presidente mexicano, Andr\u00e9s Manuel L\u00f3pez Obrador, de 67 a\u00f1os, anunci\u00f3 este domingo que ha sido diagnosticado de covid-19 y<\/p>\n","protected":false},"author":3,"featured_media":4521,"comment_status":"open","ping_status":"closed","sticky":false,"template":"","format":"standard","meta":[],"categories":[3],"tags":[],"_links":{"self":[{"href":"https:\/\/hormigaradio.com\/index.php?rest_route=\/wp\/v2\/posts\/12127"}],"collection":[{"href":"https:\/\/hormigaradio.com\/index.php?rest_route=\/wp\/v2\/posts"}],"about":[{"href":"https:\/\/hormigaradio.com\/index.php?rest_route=\/wp\/v2\/types\/post"}],"author":[{"embeddable":true,"href":"https:\/\/hormigaradio.com\/index.php?rest_route=\/wp\/v2\/users\/3"}],"replies":[{"embeddable":true,"href":"https:\/\/hormigaradio.com\/index.php?rest_route=%2Fwp%2Fv2%2Fcomments&post=12127"}],"version-history":[{"count":1,"href":"https:\/\/hormigaradio.com\/index.php?rest_route=\/wp\/v2\/posts\/12127\/revisions"}],"predecessor-version":[{"id":12128,"href":"https:\/\/hormigaradio.com\/index.php?rest_route=\/wp\/v2\/posts\/12127\/revisions\/12128"}],"wp:featuredmedia":[{"embeddable":true,"href":"https:\/\/hormigaradio.com\/index.php?rest_route=\/wp\/v2\/media\/4521"}],"wp:attachment":[{"href":"https:\/\/hormigaradio.com\/index.php?rest_route=%2Fwp%2Fv2%2Fmedia&parent=12127"}],"wp:term":[{"taxonomy":"category","embeddable":true,"href":"https:\/\/hormigaradio.com\/index.php?rest_route=%2Fwp%2Fv2%2Fcategories&post=12127"},{"taxonomy":"post_tag","embeddable":true,"href":"https:\/\/hormigaradio.com\/index.php?rest_route=%2Fwp%2Fv2%2Ftags&post=12127"}],"curies":[{"name":"wp","href":"https:\/\/api.w.org\/{rel}","templated":true}]}}