{"id":12132,"date":"2021-01-25T02:52:27","date_gmt":"2021-01-25T02:52:27","guid":{"rendered":"http:\/\/hormigaradio.com\/?p=12132"},"modified":"2021-01-25T03:52:43","modified_gmt":"2021-01-25T03:52:43","slug":"juancy-compres-se-enfrenta-la-gobernadora-de-espaillat-por-diferencia-toque-de-queda-video","status":"publish","type":"post","link":"https:\/\/hormigaradio.com\/?p=12132","title":{"rendered":"JUANCHY COMPR\u00c9S  SE ENFRENTA LA GOBERNADORA DE ESPAILLAT POR DIFERENCIA  TOQUE DE QUEDA (v\u00eddeo)"},"content":{"rendered":"<p>Por\u00a0<a class=\"text-font font-700\" href=\"https:\/\/acento.com.do\/autor\/index.html?user_slug=mlaureano\">M\u00c1XIMO LAUREANO<\/a><\/p>\n<p><iframe loading=\"lazy\"  id=\"_ytid_19436\" width=\"715\" height=\"402\"  data-origwidth=\"715\" data-origheight=\"402\"  src=\"https:\/\/www.youtube.com\/embed\/q70WQiJQsts?enablejsapi=1&#038;autoplay=0&#038;cc_load_policy=0&#038;iv_load_policy=1&#038;loop=0&#038;modestbranding=0&#038;rel=1&#038;fs=1&#038;playsinline=0&#038;autohide=2&#038;theme=dark&#038;color=red&#038;controls=1&#038;\" class=\"__youtube_prefs__\" title=\"YouTube player\"  allow=\"autoplay; encrypted-media\" allowfullscreen data-no-lazy=\"1\" data-skipgform_ajax_framebjll=\"\"><\/iframe><\/p>\n<p>MOCA, PROVINCIA ESPAILLAT, Rep\u00fablica Dominicana.- Activistas sociales y comunitarios de Moca mantuvieron el llamado a las protestas a pesar de las amenazas de las autoridades de no permitir que los grupos se manifestaran y las nuevas medidas anunciadas por el Gabinete de Salud.<\/p>\n<p>Los manifestantes, representados por los grupos sociales y comerciantes de la zona, abogan para que se quite el toque de queda, modalidad adoptada por las autoridades sanitarias del pa\u00eds y de medio planeta para prevenir la expansi\u00f3n del coronavirus.<\/p>\n<picture class=\"image\"><img loading=\"lazy\" src=\"https:\/\/acento.com.do\/media\/storage02\/uploads\/2021\/01\/whatsapp-image-2021-01-23-at-65518-pm-2-full-728x410.webp\" alt=\"\" width=\"1152\" height=\"864\" \/><\/picture>\n<p>Los ciudadanos y ciudadanas se quejan de que los peque\u00f1os negocios est\u00e1n quebrados debido a los l\u00edmites de horarios para trabajar.<\/p>\n<p>Exigen a las autoridades evaluar la posibilidad de quitar de manera definitiva el toque de queda o permitir que los peque\u00f1os negocios puedan trabajar sin los l\u00edmites de horarios, para poder recuperarse en t\u00e9rminos econ\u00f3micos.<\/p>\n<p>Para llamar la atenci\u00f3n de las autoridades los manifestantes se instalaron frente a la sede de la Gobernaci\u00f3n en Moca, provincia Espaillat, desde donde expresaron sus demandas.<\/p>\n<picture class=\"image\"><img loading=\"lazy\" src=\"https:\/\/acento.com.do\/media\/storage02\/uploads\/2021\/01\/whatsapp-image-2021-01-23-at-65518-pm-full-728x410.webp\" alt=\"\" width=\"864\" height=\"1152\" \/><\/picture>\n<p>Con sus quejas llegaron hasta las oficinas de la gobernadora de la provincia \u00a0Espaillat, Juana Rosario de Candelier, con quien tuvieron un enfrentamiento verbal, por la diferencia de criterios sobre el toque de queda.<\/p>\n<p>Adem\u00e1s del toque de queda, se quejan por el alza de los precios de los combustibles, los aumentos en el precio de la carne de pollo y de otros productos esenciales de la canasta \u00a0b\u00e1sica.<\/p>\n<picture class=\"image\"><img loading=\"lazy\" src=\"https:\/\/acento.com.do\/media\/storage02\/uploads\/2021\/01\/whatsapp-image-2021-01-23-at-65518-pm-1-full-728x410.webp\" alt=\"\" width=\"1152\" height=\"864\" \/><\/picture>\n<p>La gobernadora de la provincia Espaillat, como se evidencia en el video, intent\u00f3 sin \u00e9xito que sus interlocutores entiendan que las medidas restrictivas son obligadas por la pandemia y que, pese a no ser del agrado de gobernantes ni gobernados en ninguna parte del planeta, no buscan m\u00e1s que evitar males mayores a los ya de por s\u00ed generados por el nuevo coronavirus.<\/p>\n<div class=\"videocontainer\">\n<div id=\"video22\" class=\"video-js vjs-default-skin vjs-paused vjs-controls-enabled vjs-workinghover vjs-v6 vjs-youtube video22-dimensions vjs-user-active\" lang=\"es-es\" role=\"region\" data-path=\"q70WQiJQsts&amp;feature\" data-vjsplayer=\"\" aria-label=\"Video Player\">\n<div><iframe loading=\"lazy\" id=\"video22_Youtube_api\" class=\"vjs-tech\" title=\"YouTube video player\" src=\"https:\/\/www.youtube.com\/embed\/q70WQiJQsts?controls=0&amp;modestbranding=1&amp;rel=0&amp;showinfo=0&amp;loop=0&amp;fs=0&amp;hl=es&amp;enablejsapi=1&amp;origin=https%3A%2F%2Facento.com.do&amp;widgetid=1\" width=\"640\" height=\"360\" frameborder=\"0\" allowfullscreen=\"allowfullscreen\" data-mce-fragment=\"1\"><\/iframe><\/div>\n<\/div>\n<\/div>\n<p>Impactos: 101<\/p>","protected":false},"excerpt":{"rendered":"<p>Por\u00a0M\u00c1XIMO LAUREANO MOCA, PROVINCIA ESPAILLAT, Rep\u00fablica Dominicana.- Activistas sociales y comunitarios de Moca mantuvieron el llamado a las protestas a pesar de las amenazas<\/p>\n","protected":false},"author":3,"featured_media":1720,"comment_status":"open","ping_status":"closed","sticky":false,"template":"","format":"standard","meta":[],"categories":[8],"tags":[],"_links":{"self":[{"href":"https:\/\/hormigaradio.com\/index.php?rest_route=\/wp\/v2\/posts\/12132"}],"collection":[{"href":"https:\/\/hormigaradio.com\/index.php?rest_route=\/wp\/v2\/posts"}],"about":[{"href":"https:\/\/hormigaradio.com\/index.php?rest_route=\/wp\/v2\/types\/post"}],"author":[{"embeddable":true,"href":"https:\/\/hormigaradio.com\/index.php?rest_route=\/wp\/v2\/users\/3"}],"replies":[{"embeddable":true,"href":"https:\/\/hormigaradio.com\/index.php?rest_route=%2Fwp%2Fv2%2Fcomments&post=12132"}],"version-history":[{"count":3,"href":"https:\/\/hormigaradio.com\/index.php?rest_route=\/wp\/v2\/posts\/12132\/revisions"}],"predecessor-version":[{"id":12135,"href":"https:\/\/hormigaradio.com\/index.php?rest_route=\/wp\/v2\/posts\/12132\/revisions\/12135"}],"wp:featuredmedia":[{"embeddable":true,"href":"https:\/\/hormigaradio.com\/index.php?rest_route=\/wp\/v2\/media\/1720"}],"wp:attachment":[{"href":"https:\/\/hormigaradio.com\/index.php?rest_route=%2Fwp%2Fv2%2Fmedia&parent=12132"}],"wp:term":[{"taxonomy":"category","embeddable":true,"href":"https:\/\/hormigaradio.com\/index.php?rest_route=%2Fwp%2Fv2%2Fcategories&post=12132"},{"taxonomy":"post_tag","embeddable":true,"href":"https:\/\/hormigaradio.com\/index.php?rest_route=%2Fwp%2Fv2%2Ftags&post=12132"}],"curies":[{"name":"wp","href":"https:\/\/api.w.org\/{rel}","templated":true}]}}