{"id":12157,"date":"2021-01-30T04:16:42","date_gmt":"2021-01-30T04:16:42","guid":{"rendered":"http:\/\/hormigaradio.com\/?p=12157"},"modified":"2021-01-30T04:58:41","modified_gmt":"2021-01-30T04:58:41","slug":"presidente-abinader-entrega-areas-reestructuradas-en-hospital-cabral-y-baez","status":"publish","type":"post","link":"https:\/\/hormigaradio.com\/?p=12157","title":{"rendered":"PRESIDENTE ABINADER ENTREGA \u00c1REAS REESTRUCTURADAS EN HOSPITAL CABRAL Y B\u00c1EZ"},"content":{"rendered":"<div class=\"article-body-content\">\n<p>Por\u00a0<a class=\"text-font font-700\" href=\"https:\/\/acento.com.do\/autor\/index.html?user_slug=mlaureano\">M\u00c1XIMO LAUREANO<\/a><\/p>\n<figure id=\"attachment_12162\" aria-describedby=\"caption-attachment-12162\" style=\"width: 300px\" class=\"wp-caption alignleft\"><a href=\"http:\/\/hormigaradio.com\/?attachment_id=12162\" rel=\"attachment wp-att-12162\"><img loading=\"lazy\" class=\"wp-image-12162 size-medium\" src=\"http:\/\/hormigaradio.com\/wp-content\/uploads\/2021\/01\/WhatsApp-Image-2021-01-30-at-1.20.59-AM-1-300x200.jpeg\" alt=\"\" width=\"300\" height=\"200\" srcset=\"https:\/\/hormigaradio.com\/wp-content\/uploads\/2021\/01\/WhatsApp-Image-2021-01-30-at-1.20.59-AM-1-300x200.jpeg 300w, https:\/\/hormigaradio.com\/wp-content\/uploads\/2021\/01\/WhatsApp-Image-2021-01-30-at-1.20.59-AM-1-768x513.jpeg 768w, https:\/\/hormigaradio.com\/wp-content\/uploads\/2021\/01\/WhatsApp-Image-2021-01-30-at-1.20.59-AM-1-1024x684.jpeg 1024w, https:\/\/hormigaradio.com\/wp-content\/uploads\/2021\/01\/WhatsApp-Image-2021-01-30-at-1.20.59-AM-1.jpeg 1280w\" sizes=\"(max-width: 300px) 100vw, 300px\" \/><\/a><figcaption id=\"caption-attachment-12162\" class=\"wp-caption-text\"><em><strong>Presidente Luis Abinader, juramenta Voluntariado del Hospital Jos\u00e9 Mar\u00eda Cabral y B\u00e1ez.<\/strong><\/em><\/figcaption><\/figure>\n<p>SANTIAGO DE LOS CABALLEROS, Rep\u00fablica Dominicana.- El presidente Luis Abinader dej\u00f3 en funcionamiento varias \u00e1reas de servicios en el Hospital Jos\u00e9 Mar\u00eda Cabral y B\u00e1ez de Santiago, centro que est\u00e1 en un proceso de\u00a0reconstrucci\u00f3n desde hace siete a\u00f1os.<\/p>\n<p>Al hacer entrega de las \u00e1reas restauradas, las cuales\u00a0fueron recorridas por el mandatario y funcionarios de Salud, se jurament\u00f3 el Voluntariado del Hospital Jos\u00e9 Mar\u00eda\u00a0Cabral y B\u00e1ez. Abinader dijo que se hab\u00eda reunido con amigos suyos que tienen una hoja de vida en favor de los dem\u00e1s, para que asuman la responsabilidad de manejar el voluntariado,\u00a0modalidad que en lo adelante, estar\u00e1 en todos los hospitales.<\/p>\n<p>\u201cHe querido llamar a un grupo de amigos para que nos ayudaran en una red a nivel nacional, para conformar un equipo de voluntariado\u201d, expres\u00f3 el presidente Abinader.<\/p>\n<p>El mandatario agreg\u00f3 que el Gobierno procura incluir un sistema de veedur\u00eda que ayude a las administraciones de los centros\u00a0hospitalarios en el cuidado de los equipos y la calidad de los servicios brindados.<\/p>\n<p>En relaci\u00f3n a la terminaci\u00f3n de los hospitales que est\u00e1n en proceso de reconstrucci\u00f3n, indic\u00f3 que algunos procesos se han tardado porque se han encontrado muchas situaciones de ilegalidad, las cuales est\u00e1n\u00a0camino de solucionarse.<\/p>\n<p>Las \u00e1reas remozadas en el Cabral y B\u00e1ez son la entrada principal, al centro de salud (por la calle Sabana Larga), \u00e1rea de resonancia magn\u00e9tica, \u00e1reas de: prequir\u00fargico, angi\u00f3grafo, \u00e1reas de aislamiento, unidades UCI, odontolog\u00eda, administraci\u00f3n y auditorio.\u00a0Al servicio se habr\u00edan agregado 29 camas para UCI\u00a0y 50 para internamiento.<\/p>\n<p>El presidente Abinader tambi\u00e9n estuvo en el municipio de Pu\u00f1al, donde se inaugur\u00f3 el puente\u00a0que une\u00a0varias comunidades.<\/p>\n<p><iframe loading=\"lazy\" src=\"https:\/\/player.vimeo.com\/video\/506274949?color=ef0000\" width=\"640\" height=\"360\" frameborder=\"0\" allowfullscreen=\"allowfullscreen\" data-mce-fragment=\"1\"><\/iframe><\/p>\n<\/div>\n<div id=\"tags\" class=\"tags flex-container align-center flex-wrap\"><\/div>\n<p>Impactos: 101<\/p>","protected":false},"excerpt":{"rendered":"<p>Por\u00a0M\u00c1XIMO LAUREANO SANTIAGO DE LOS CABALLEROS, Rep\u00fablica Dominicana.- El presidente Luis Abinader dej\u00f3 en funcionamiento varias \u00e1reas de servicios en el Hospital Jos\u00e9 Mar\u00eda<\/p>\n","protected":false},"author":3,"featured_media":12160,"comment_status":"open","ping_status":"closed","sticky":false,"template":"","format":"standard","meta":[],"categories":[3],"tags":[],"_links":{"self":[{"href":"https:\/\/hormigaradio.com\/index.php?rest_route=\/wp\/v2\/posts\/12157"}],"collection":[{"href":"https:\/\/hormigaradio.com\/index.php?rest_route=\/wp\/v2\/posts"}],"about":[{"href":"https:\/\/hormigaradio.com\/index.php?rest_route=\/wp\/v2\/types\/post"}],"author":[{"embeddable":true,"href":"https:\/\/hormigaradio.com\/index.php?rest_route=\/wp\/v2\/users\/3"}],"replies":[{"embeddable":true,"href":"https:\/\/hormigaradio.com\/index.php?rest_route=%2Fwp%2Fv2%2Fcomments&post=12157"}],"version-history":[{"count":4,"href":"https:\/\/hormigaradio.com\/index.php?rest_route=\/wp\/v2\/posts\/12157\/revisions"}],"predecessor-version":[{"id":12163,"href":"https:\/\/hormigaradio.com\/index.php?rest_route=\/wp\/v2\/posts\/12157\/revisions\/12163"}],"wp:featuredmedia":[{"embeddable":true,"href":"https:\/\/hormigaradio.com\/index.php?rest_route=\/wp\/v2\/media\/12160"}],"wp:attachment":[{"href":"https:\/\/hormigaradio.com\/index.php?rest_route=%2Fwp%2Fv2%2Fmedia&parent=12157"}],"wp:term":[{"taxonomy":"category","embeddable":true,"href":"https:\/\/hormigaradio.com\/index.php?rest_route=%2Fwp%2Fv2%2Fcategories&post=12157"},{"taxonomy":"post_tag","embeddable":true,"href":"https:\/\/hormigaradio.com\/index.php?rest_route=%2Fwp%2Fv2%2Ftags&post=12157"}],"curies":[{"name":"wp","href":"https:\/\/api.w.org\/{rel}","templated":true}]}}