{"id":12168,"date":"2021-01-31T14:49:05","date_gmt":"2021-01-31T14:49:05","guid":{"rendered":"http:\/\/hormigaradio.com\/?p=12168"},"modified":"2021-01-31T14:52:42","modified_gmt":"2021-01-31T14:52:42","slug":"abren-exposicion-28-concurso-de-arte-eduardo-leon-jimenes","status":"publish","type":"post","link":"https:\/\/hormigaradio.com\/?p=12168","title":{"rendered":"ABREN EXPOSICI\u00d3N 28 CONCURSO DE ARTE EDUARDO LE\u00d3N JIMENES"},"content":{"rendered":"<table class=\"m_5979999932815016538templateContainer\" border=\"0\" width=\"100%\" cellspacing=\"0\" cellpadding=\"0\">\n<tbody>\n<tr>\n<td id=\"m_5979999932815016538templateHeader\" valign=\"top\"><strong>Firma invitada\/H.R.<\/strong><\/p>\n<p><a href=\"http:\/\/hormigaradio.com\/?attachment_id=12172\" rel=\"attachment wp-att-12172\"><img loading=\"lazy\" class=\"alignleft wp-image-12172 size-large\" src=\"http:\/\/hormigaradio.com\/wp-content\/uploads\/2021\/01\/unnamed-1-1024x683.jpg\" alt=\"\" width=\"715\" height=\"477\" srcset=\"https:\/\/hormigaradio.com\/wp-content\/uploads\/2021\/01\/unnamed-1-1024x683.jpg 1024w, https:\/\/hormigaradio.com\/wp-content\/uploads\/2021\/01\/unnamed-1-300x200.jpg 300w, https:\/\/hormigaradio.com\/wp-content\/uploads\/2021\/01\/unnamed-1-768x512.jpg 768w, https:\/\/hormigaradio.com\/wp-content\/uploads\/2021\/01\/unnamed-1.jpg 1620w\" sizes=\"(max-width: 715px) 100vw, 715px\" \/><\/a><\/p>\n<table border=\"0\" width=\"100%\" cellspacing=\"0\" cellpadding=\"0\">\n<tbody>\n<tr>\n<td valign=\"top\">\n<table class=\"m_5979999932815016538mcnTextContentContainer\" border=\"0\" width=\"100%\" cellspacing=\"0\" cellpadding=\"0\" align=\"left\">\n<tbody>\n<tr>\n<td class=\"m_5979999932815016538mcnTextContent\" valign=\"top\">\n<div>\n<p>La exposici\u00f3n del 28 Concurso de Arte Eduardo Le\u00f3n Jimenes abri\u00f3 al p\u00fablico de manera virtual mediante una actividad transmitida en las redes sociales de la instituci\u00f3n. Las 21 obras de 20 artistas individuales y colectivos son accesibles a trav\u00e9s de visitas virtuales 360 en el sitio web de la exposici\u00f3n, al cual se puede acceder en la direcci\u00f3n electr\u00f3nica\u00a0<a href=\"http:\/\/centroleon.org.do\/\" target=\"_blank\" rel=\"noopener\" data-saferedirecturl=\"https:\/\/www.google.com\/url?q=http:\/\/centroleon.org.do&amp;source=gmail&amp;ust=1612190421147000&amp;usg=AFQjCNEFGC_0cMzgDMdbJEDROTHTP-U1Eg\">centroleon.org.do<\/a>.<\/p>\n<p>\u00abEsta versi\u00f3n del\u00a0<em>Concurso de Arte Eduardo Le\u00f3n Jimenes<\/em>\u00a0en medio de una pandemia ha sido accesible, ha estado al servicio de los artistas de forma comprensiva, ajustando los plazos, habilitando innovadores canales de comunicaci\u00f3n y haciendo lo necesario para que este evento pudiera producirse de la forma m\u00e1s democr\u00e1tica posible que nos permiten las actuales condiciones\u00bb, dijo Mar\u00eda Amalia Le\u00f3n, presidente de la Fundaci\u00f3n Eduardo Le\u00f3n Jimenes y directora del Centro Le\u00f3n, en el acto de apertura.<\/p>\n<p>Sara Hermann, curadora en jefe del Centro Le\u00f3n, coment\u00f3 que las obras de los artistas seleccionados permiten abordar distintas problem\u00e1ticas actuales desde los lenguajes del arte y en el contexto dominicano. \u00abEl\u00a0<em>28 Concurso de Arte Eduardo Le\u00f3n Jimenes<\/em>\u00a0es extraordinario\u00bb, apunt\u00f3 Hermann, a prop\u00f3sito de las circunstancias en las que se ha producido esta edici\u00f3n del certamen donde la virtualidad ha marcado muchas de las interacciones.<\/p>\n<p>A seguidas, cada artista coment\u00f3 detalles de su obra mientras se mostraba virtualmente la pieza en la Sala de Exposiciones Temporales del Centro Le\u00f3n.<\/p>\n<p>Los artistas que exponen sus obras en esta edici\u00f3n son:\u00a0<strong>Andrea Ottenwalder<\/strong>,\u00a0<strong>Awelmy Sosa<\/strong>,\u00a0<strong>Charlie Quezada<\/strong>,\u00a0<strong>El Editor Cuir\u00a0<\/strong>y\u00a0<strong>Johan Mijail<\/strong>,\u00a0<strong>Ernesto Rivera<\/strong>,\u00a0<strong>Franz Caba<\/strong>,\u00a0<strong>Guadalupe Casasnovas<\/strong>,\u00a0<strong>Johanna Castillo<\/strong>,\u00a0<strong>Joiri Minaya<\/strong>,\u00a0<strong>Jos\u00e9 Morb\u00e1n<\/strong>,\u00a0<strong>Juana y si no su hermana<\/strong>,\u00a0<strong>Julianny Ariza V\u00f3lquez<\/strong>,\u00a0<strong>Lizania Cruz<\/strong>,\u00a0<strong>Mc.kornin Salcedo<\/strong>,\u00a0<strong>Melissa Llamo<\/strong>,\u00a0<strong>Milena de Milena<\/strong>,\u00a0<strong>Ra\u00fal Morilla<\/strong>,\u00a0<strong>Suspicious Package<\/strong>,\u00a0<strong>Tom\u00e1s Pichardo Espaillat<\/strong>\u00a0y\u00a0<strong>Yoel Bordas<\/strong>.<\/p>\n<p>El<em>\u00a028 Concurso de Arte Eduardo Le\u00f3n Jimenes\u00a0<\/em>cuenta con los auspicios de Fundaci\u00f3n Eduardo Le\u00f3n Jimenes y Cervecer\u00eda Nacional Dominicana.<\/p>\n<p><strong>Sobre la exposici\u00f3n<\/strong><\/p>\n<p>Las 21 obras expuestas permiten apreciar una combinaci\u00f3n de m\u00faltiples lenguajes art\u00edsticos, que en conjunto muestran una perspectiva de las artes visuales contempor\u00e1neas de la Rep\u00fablica Dominicana en la actualidad.\u00a0Instalaciones, performances, intervenciones p\u00fablicas, documentaciones de los procesos de la obra y archivos sonoros, entre otros recursos.<\/p>\n<p>Los artistas abordan temas como: v\u00ednculos entre cuerpo y espacio, la construcci\u00f3n o reinterpretaci\u00f3n de historias colectivas o \u00edntimas, los estereotipos y patrones de poder y su representaci\u00f3n en la cultura visual, la racializaci\u00f3n, los roles asignados a los g\u00e9neros, la reflexi\u00f3n desde el propio cuerpo, el sistema institucional del arte, la comunidad de artistas y sus interacciones, entre otros.<\/p>\n<\/div>\n<\/td>\n<\/tr>\n<\/tbody>\n<\/table>\n<\/td>\n<\/tr>\n<\/tbody>\n<\/table>\n<\/td>\n<\/tr>\n<tr>\n<td id=\"m_5979999932815016538templateBody\" valign=\"top\">\n<table border=\"0\" width=\"100%\" cellspacing=\"0\" cellpadding=\"0\">\n<tbody class=\"m_5979999932815016538mcnImageGroupBlockOuter\">\n<tr>\n<td class=\"m_5979999932815016538mcnImageGroupBlockInner\" valign=\"top\">\n<table class=\"m_5979999932815016538mcnImageGroupContentContainer\" border=\"0\" width=\"273\" cellspacing=\"0\" cellpadding=\"0\" align=\"left\">\n<tbody>\n<tr>\n<td class=\"m_5979999932815016538mcnImageGroupContent\" valign=\"top\"><img class=\"m_5979999932815016538mcnImage CToWUd a6T\" tabindex=\"0\" src=\"https:\/\/ci3.googleusercontent.com\/proxy\/Ft-KwqpHabfXynsX8xNutsFibgXIoZvXL0zrzXqPatfc2nM1TE_ECif57ojWohS7tVZMbvMM4oB5u3vy6n9H3-iJb8XFehG905K2tuqfNqx_n-N7xAkP8vkVXCtz5O_r7E9HaKeuX5WruWbyv3EE7H2flaPQeA=s0-d-e1-ft#https:\/\/mcusercontent.com\/6053a8b2ef77f0b815d0e408c\/images\/06990566-4105-4d62-ba99-3c2a3e67dbc1.jpg\" alt=\"\" width=\"264\" \/><\/td>\n<\/tr>\n<\/tbody>\n<\/table>\n<table class=\"m_5979999932815016538mcnImageGroupContentContainer\" border=\"0\" width=\"273\" cellspacing=\"0\" cellpadding=\"0\" align=\"right\">\n<tbody>\n<tr>\n<td class=\"m_5979999932815016538mcnImageGroupContent\" valign=\"top\"><img class=\"m_5979999932815016538mcnImage CToWUd a6T\" tabindex=\"0\" src=\"https:\/\/ci6.googleusercontent.com\/proxy\/tXU-pIlpW-jMqJDzyLCcDOibYYs-wPmuX1EmGWpRNwutSNy8Le9pD0LcQHb2nFvDWwrSjf8se_KljGhQrVnRWa8UfhUzSTl6WiH8NT-Pt5pv_MDC2hpZvA0IYWa7jL66ZPdI_0O54TEabUJ-6ax9Sp321U0InA=s0-d-e1-ft#https:\/\/mcusercontent.com\/6053a8b2ef77f0b815d0e408c\/images\/8b101ba4-824c-4647-8563-c49243280dd6.jpg\" alt=\"\" width=\"264\" \/><\/td>\n<\/tr>\n<\/tbody>\n<\/table>\n<\/td>\n<\/tr>\n<tr>\n<td class=\"m_5979999932815016538mcnImageGroupBlockInner\" valign=\"top\">\n<table class=\"m_5979999932815016538mcnImageGroupContentContainer\" border=\"0\" width=\"273\" cellspacing=\"0\" cellpadding=\"0\" align=\"left\">\n<tbody>\n<tr>\n<td class=\"m_5979999932815016538mcnImageGroupContent\" valign=\"top\"><img class=\"m_5979999932815016538mcnImage CToWUd a6T\" tabindex=\"0\" src=\"https:\/\/ci4.googleusercontent.com\/proxy\/TJioRPlPl1TjoYsPMt0DMkW75yc3sJ9z_BPVTOVG3EsZj67U3iHy9BBC35fG4dceIIEVhZL6c9clij9yDVZOwTaIxNkzdYtomfDn2Xhnblubj5ZjM7VsjKKdCQGNVv2sxuV18g2FRz0WN2E1kwPRy66NQNkYTw=s0-d-e1-ft#https:\/\/mcusercontent.com\/6053a8b2ef77f0b815d0e408c\/images\/7e3f34bb-8b2a-4398-9f9f-7e6450a92458.jpg\" alt=\"\" width=\"264\" \/><\/td>\n<\/tr>\n<\/tbody>\n<\/table>\n<table class=\"m_5979999932815016538mcnImageGroupContentContainer\" border=\"0\" width=\"273\" cellspacing=\"0\" cellpadding=\"0\" align=\"right\">\n<tbody>\n<tr>\n<td class=\"m_5979999932815016538mcnImageGroupContent\" valign=\"top\"><img class=\"m_5979999932815016538mcnImage CToWUd a6T\" tabindex=\"0\" src=\"https:\/\/ci4.googleusercontent.com\/proxy\/fGGQulGzT00scoINEqXvW9vBCi98woo7scC6vIcll-16KTTe2q-1m54TIv94ZunyQ05_yeIVR-Eusbvtf0riU3PeqJcrbfNgtj8NwqaLlDzljcY-olO-A8-4XhfqlTrkCR0LdHof9z7v_IQeoAZAyySvwNt-vQ=s0-d-e1-ft#https:\/\/mcusercontent.com\/6053a8b2ef77f0b815d0e408c\/images\/c358f2b3-a233-4e11-b5f3-c30eb527445f.jpg\" alt=\"\" width=\"264\" \/><\/td>\n<\/tr>\n<\/tbody>\n<\/table>\n<\/td>\n<\/tr>\n<\/tbody>\n<\/table>\n<table class=\"m_5979999932815016538mcnDividerBlock\" border=\"0\" width=\"100%\" cellspacing=\"0\" cellpadding=\"0\">\n<tbody>\n<tr>\n<td>\n<table border=\"0\" width=\"100%\" cellspacing=\"0\" cellpadding=\"0\">\n<tbody>\n<tr>\n<td><\/td>\n<\/tr>\n<\/tbody>\n<\/table>\n<\/td>\n<\/tr>\n<\/tbody>\n<\/table>\n<table border=\"0\" width=\"100%\" cellspacing=\"0\" cellpadding=\"0\">\n<tbody>\n<tr>\n<td valign=\"top\">\n<table class=\"m_5979999932815016538mcnTextContentContainer\" border=\"0\" width=\"100%\" cellspacing=\"0\" cellpadding=\"0\" align=\"left\">\n<tbody>\n<tr>\n<td class=\"m_5979999932815016538mcnTextContent\" valign=\"top\">\n<div><strong>Pr\u00f3ximas actividades<\/strong><br \/>\nEl jurado, compuesto por\u00a0<strong>Gabriela Rangel<\/strong>,\u00a0<strong>Gerardo Mosquera, Raquel Paiewonsky<\/strong>\u00a0y\u00a0<strong>Sara Hermann<\/strong>, tendr\u00e1 la responsabilidad de elegir tambi\u00e9n las obras ganadoras de esta edici\u00f3n, anuncio que se realizar\u00e1 en los pr\u00f3ximos meses, mientras la exposici\u00f3n permanezca disponible para los p\u00fablicos.<\/div>\n<div>Otras actividades virtuales, como conversatorios y visitas guiadas con artistas y curadores, ser\u00e1n anunciadas oportunamente en la web del Centro Le\u00f3n y las redes sociales.<strong>Sobre el concurso<\/strong><br \/>\nEn 1964 se realiz\u00f3 el primer Concurso de Arte Eduardo Le\u00f3n Jimenes, con la doble intenci\u00f3n de impulsar el desarrollo de las artes visuales y estimular la creatividad en las nuevas generaciones de artistas. En el discurso inaugural don Eduardo Le\u00f3n Asensio anticip\u00f3 que, al cabo de los a\u00f1os, se tendr\u00eda una importante colecci\u00f3n de artes visuales que iba a demandar la creaci\u00f3n de un museo para exponerla de manera permanente. En ese prop\u00f3sito est\u00e1n las bases fundacionales del Centro Le\u00f3n.<\/p>\n<p>El concurso realizado gracias al respaldo de la Fundaci\u00f3n Eduardo Le\u00f3n Jimenes es hoy en d\u00eda una iniciativa privada consistente que ha mostrado su sostenibilidad en Rep\u00fablica Dominicana, el Caribe y Am\u00e9rica Latina.<\/p>\n<p>La presente edici\u00f3n pretende estimular las expresiones y pr\u00e1cticas art\u00edsticas contempor\u00e1neas, fomentando el arte como herramienta del pensamiento cr\u00edtico en los artistas y sus p\u00fablicos y como articulador de las relaciones sociales.<\/p>\n<\/div>\n<\/td>\n<\/tr>\n<\/tbody>\n<\/table>\n<\/td>\n<\/tr>\n<\/tbody>\n<\/table>\n<table border=\"0\" width=\"100%\" cellspacing=\"0\" cellpadding=\"0\">\n<tbody>\n<tr>\n<td valign=\"top\">\n<table border=\"0\" width=\"100%\" cellspacing=\"0\" cellpadding=\"0\" align=\"left\">\n<tbody>\n<tr>\n<td valign=\"top\"><a title=\"\" href=\"https:\/\/centroleon.us16.list-manage.com\/track\/click?u=6053a8b2ef77f0b815d0e408c&amp;id=7c242b33d9&amp;e=4815eeee42\" target=\"_blank\" rel=\"noopener\" data-saferedirecturl=\"https:\/\/www.google.com\/url?q=https:\/\/centroleon.us16.list-manage.com\/track\/click?u%3D6053a8b2ef77f0b815d0e408c%26id%3D7c242b33d9%26e%3D4815eeee42&amp;source=gmail&amp;ust=1612190421147000&amp;usg=AFQjCNEBt-p6jGbrrdMR055YVsS7BOqfEA\"><img class=\"m_5979999932815016538mcnImage CToWUd\" src=\"https:\/\/ci5.googleusercontent.com\/proxy\/1mBwyouLYCAGoxs7VjUWZ_RMIlYI1lIx1FJ2Fiaz2PpiJPtxhWxO68prQ60Hq_FoF04KAdEn3P65fYaZIpbKbZ0oZAVHZg2RCj9lSRC1-RO1se5tR4CFWRKHyYEecgimLAdSbd2mJ0TO0VmZDbBE6dEhdL7JNg=s0-d-e1-ft#https:\/\/mcusercontent.com\/6053a8b2ef77f0b815d0e408c\/images\/6a4e192a-f4d0-4946-9373-082eb6c9e95c.png\" alt=\"\" width=\"216\" align=\"center\" \/><\/a><\/td>\n<\/tr>\n<\/tbody>\n<\/table>\n<\/td>\n<\/tr>\n<\/tbody>\n<\/table>\n<\/td>\n<\/tr>\n<\/tbody>\n<\/table>\n<p>Impactos: 251<\/p>","protected":false},"excerpt":{"rendered":"<p>Firma invitada\/H.R. La exposici\u00f3n del 28 Concurso de Arte Eduardo Le\u00f3n Jimenes abri\u00f3 al p\u00fablico de manera virtual mediante una actividad transmitida en las<\/p>\n","protected":false},"author":3,"featured_media":12171,"comment_status":"open","ping_status":"closed","sticky":false,"template":"","format":"standard","meta":[],"categories":[4],"tags":[],"_links":{"self":[{"href":"https:\/\/hormigaradio.com\/index.php?rest_route=\/wp\/v2\/posts\/12168"}],"collection":[{"href":"https:\/\/hormigaradio.com\/index.php?rest_route=\/wp\/v2\/posts"}],"about":[{"href":"https:\/\/hormigaradio.com\/index.php?rest_route=\/wp\/v2\/types\/post"}],"author":[{"embeddable":true,"href":"https:\/\/hormigaradio.com\/index.php?rest_route=\/wp\/v2\/users\/3"}],"replies":[{"embeddable":true,"href":"https:\/\/hormigaradio.com\/index.php?rest_route=%2Fwp%2Fv2%2Fcomments&post=12168"}],"version-history":[{"count":3,"href":"https:\/\/hormigaradio.com\/index.php?rest_route=\/wp\/v2\/posts\/12168\/revisions"}],"predecessor-version":[{"id":12173,"href":"https:\/\/hormigaradio.com\/index.php?rest_route=\/wp\/v2\/posts\/12168\/revisions\/12173"}],"wp:featuredmedia":[{"embeddable":true,"href":"https:\/\/hormigaradio.com\/index.php?rest_route=\/wp\/v2\/media\/12171"}],"wp:attachment":[{"href":"https:\/\/hormigaradio.com\/index.php?rest_route=%2Fwp%2Fv2%2Fmedia&parent=12168"}],"wp:term":[{"taxonomy":"category","embeddable":true,"href":"https:\/\/hormigaradio.com\/index.php?rest_route=%2Fwp%2Fv2%2Fcategories&post=12168"},{"taxonomy":"post_tag","embeddable":true,"href":"https:\/\/hormigaradio.com\/index.php?rest_route=%2Fwp%2Fv2%2Ftags&post=12168"}],"curies":[{"name":"wp","href":"https:\/\/api.w.org\/{rel}","templated":true}]}}