{"id":12190,"date":"2021-02-03T12:38:06","date_gmt":"2021-02-03T12:38:06","guid":{"rendered":"http:\/\/hormigaradio.com\/?p=12190"},"modified":"2021-02-03T12:38:06","modified_gmt":"2021-02-03T12:38:06","slug":"unev-y-consulado-de-haiti-firman-acuerdo-para-formacion-de-profesionales-haitianos-en-rd","status":"publish","type":"post","link":"https:\/\/hormigaradio.com\/?p=12190","title":{"rendered":"UNEV Y CONSULADO DE HAIT\u00cd FIRMAN ACUERDO PARA FORMACI\u00d3N DE PROFESIONALES HAITIANOS EN RD"},"content":{"rendered":"<p><strong>Firma\u00a0 invitada\/H.R.<\/strong><\/p>\n<p><a href=\"http:\/\/hormigaradio.com\/?attachment_id=12192\" rel=\"attachment wp-att-12192\"><img loading=\"lazy\" class=\"alignleft wp-image-12192 size-large\" src=\"http:\/\/hormigaradio.com\/wp-content\/uploads\/2021\/02\/WhatsApp-Image-2021-02-02-at-4.53.29-PM-1024x678.jpeg\" alt=\"\" width=\"715\" height=\"473\" srcset=\"https:\/\/hormigaradio.com\/wp-content\/uploads\/2021\/02\/WhatsApp-Image-2021-02-02-at-4.53.29-PM-1024x678.jpeg 1024w, https:\/\/hormigaradio.com\/wp-content\/uploads\/2021\/02\/WhatsApp-Image-2021-02-02-at-4.53.29-PM-300x199.jpeg 300w, https:\/\/hormigaradio.com\/wp-content\/uploads\/2021\/02\/WhatsApp-Image-2021-02-02-at-4.53.29-PM-768x509.jpeg 768w, https:\/\/hormigaradio.com\/wp-content\/uploads\/2021\/02\/WhatsApp-Image-2021-02-02-at-4.53.29-PM.jpeg 1280w\" sizes=\"(max-width: 715px) 100vw, 715px\" \/><\/a><\/p>\n<p>La Universidad Nacional Evang\u00e9lica (UNEV) y su Centro de Estrategias, Innovaci\u00f3n y Competitividad Empresarial (CECOMPITE) firmaron un acuerdo marco de cooperaci\u00f3n con el Consulado General de Hait\u00ed en la ciudad de Santiago de los Caballeros.<\/p>\n<p>Con el acuerdo se busca fomentar estudios conjuntos que permitan incidir en los procesos de regularizaci\u00f3n, mejor\u00eda de las condiciones de vida y de trabajo, estabilidad de los inmigrantes haitianos en el pa\u00eds y desarrollar programas de formaci\u00f3n.<\/p>\n<p>Esta alianza busca fortalecer las relaciones acad\u00e9micas e institucionales de la di\u00e1spora haitiana en la Rep\u00fablica Dominicana y los j\u00f3venes emprendedores de Hait\u00ed, atendiendo la relaci\u00f3n de hermandad entre los dos pa\u00edses, y en el marco del inter\u00e9s del Consulado General de Hait\u00ed en esta ciudad.<\/p>\n<p>La iniciativa permitir\u00e1 trabajar en la formaci\u00f3n y capacitaci\u00f3n de j\u00f3venes profesionales haitianos, que residen en Rep\u00fablica Dominicana y en territorio haitiano. Asimismo, tambi\u00e9n ayudar\u00e1 en la actualizaci\u00f3n acad\u00e9mica a profesionales graduados que no est\u00e1n en la actividad productiva, dise\u00f1ar, desarrollar diplomados dirigido a 100 profesionales del vecino pa\u00eds.<\/p>\n<p>El pacto fue firmado por; doctor Juan Guerrero \u00c1vila, vicerrector de asuntos internacionales, en representaci\u00f3n del rector de la UNEV doctor Epifanio Gonz\u00e1lez Minaya, el director de CECOMPITE doctor Leonardo Valverde, y James Jacques, c\u00f3nsul general de la Embajada de Hait\u00ed en Santiago de los Caballeros.<\/p>\n<p>El acto se realiz\u00f3 en el recinto de la UNEV-Santiago, en presencia de su director, el doctor Jos\u00e9 Vanderlinder y del doctor Rafael Reyes Almonte, vicerrector administrativo de la alta casa de estudios superiores.<\/p>\n<p>El acuerdo establece un protocolo de cooperaci\u00f3n conjunta de buena voluntad para apoyar el proceso de relacionamiento de las universidades de Hait\u00ed con la UNEV-CECOMPITE, para fortalecer las competencias de j\u00f3venes profesionales haitianos que viven en el pa\u00eds y en Hait\u00ed.<\/p>\n<p>La alianza adem\u00e1s de incidir en la calidad de vida, promueve el desarrollo de programas de formaci\u00f3n y actualizaci\u00f3n acad\u00e9mica, en las \u00e1reas de liderazgo, gesti\u00f3n de emprendimiento, en materia ambiental y desarrollo sostenible, revelaron sus promotores. La firma de esta alianza interinstitucional de cooperaci\u00f3n tendr\u00e1 una vigencia de un a\u00f1o.<\/p>\n<p>Impactos: 1375<\/p>","protected":false},"excerpt":{"rendered":"<p>Firma\u00a0 invitada\/H.R. La Universidad Nacional Evang\u00e9lica (UNEV) y su Centro de Estrategias, Innovaci\u00f3n y Competitividad Empresarial (CECOMPITE) firmaron un acuerdo marco de cooperaci\u00f3n con<\/p>\n","protected":false},"author":3,"featured_media":12191,"comment_status":"open","ping_status":"closed","sticky":false,"template":"","format":"standard","meta":[],"categories":[3],"tags":[],"_links":{"self":[{"href":"https:\/\/hormigaradio.com\/index.php?rest_route=\/wp\/v2\/posts\/12190"}],"collection":[{"href":"https:\/\/hormigaradio.com\/index.php?rest_route=\/wp\/v2\/posts"}],"about":[{"href":"https:\/\/hormigaradio.com\/index.php?rest_route=\/wp\/v2\/types\/post"}],"author":[{"embeddable":true,"href":"https:\/\/hormigaradio.com\/index.php?rest_route=\/wp\/v2\/users\/3"}],"replies":[{"embeddable":true,"href":"https:\/\/hormigaradio.com\/index.php?rest_route=%2Fwp%2Fv2%2Fcomments&post=12190"}],"version-history":[{"count":1,"href":"https:\/\/hormigaradio.com\/index.php?rest_route=\/wp\/v2\/posts\/12190\/revisions"}],"predecessor-version":[{"id":12193,"href":"https:\/\/hormigaradio.com\/index.php?rest_route=\/wp\/v2\/posts\/12190\/revisions\/12193"}],"wp:featuredmedia":[{"embeddable":true,"href":"https:\/\/hormigaradio.com\/index.php?rest_route=\/wp\/v2\/media\/12191"}],"wp:attachment":[{"href":"https:\/\/hormigaradio.com\/index.php?rest_route=%2Fwp%2Fv2%2Fmedia&parent=12190"}],"wp:term":[{"taxonomy":"category","embeddable":true,"href":"https:\/\/hormigaradio.com\/index.php?rest_route=%2Fwp%2Fv2%2Fcategories&post=12190"},{"taxonomy":"post_tag","embeddable":true,"href":"https:\/\/hormigaradio.com\/index.php?rest_route=%2Fwp%2Fv2%2Ftags&post=12190"}],"curies":[{"name":"wp","href":"https:\/\/api.w.org\/{rel}","templated":true}]}}