{"id":12200,"date":"2021-02-04T03:46:03","date_gmt":"2021-02-04T03:46:03","guid":{"rendered":"http:\/\/hormigaradio.com\/?p=12200"},"modified":"2021-02-04T03:49:43","modified_gmt":"2021-02-04T03:49:43","slug":"preso-medico-ex-alcalde-de-licey-por-presuntas-violaciones-sexuales","status":"publish","type":"post","link":"https:\/\/hormigaradio.com\/?p=12200","title":{"rendered":"PRESO M\u00c9DICO EX ALCALDE DE LICEY POR PRESUNTAS VIOLACIONES SEXUALES"},"content":{"rendered":"<p>Por\u00a0<a class=\"text-font font-700\" href=\"https:\/\/acento.com.do\/autor\/index.html?user_slug=mlaureano\">M\u00c1XIMO LAUREANO<\/a><\/p>\n<p>&nbsp;<\/p>\n<p><img src=\"https:\/\/acento.com.do\/media\/storage02\/uploads\/2021\/02\/centro-mdico-licey-728x410.webp\" data-desktop=\"https:\/\/acento.com.do\/media\/storage02\/uploads\/2021\/02\/centro-mdico-licey-728x410.webp\" data-mobile=\"https:\/\/acento.com.do\/media\/storage02\/uploads\/2021\/02\/centro-mdico-licey-400x225.webp\" \/><\/p>\n<p>SANTIAGO DE LOS CABALLEROS, Rep\u00fablica Dominicana.- El m\u00e9dico cirujano\u00a0Lenin Quezada Fern\u00e1ndez, exalcalde de Licey Al Medio, fue detenido hoy tras ser acusado hace varios meses de presuntas agresiones sexuales a dos de sus\u00a0 pacientes mujeres.<\/p>\n<p>El apresamiento del m\u00e9dico se produjo en el Centro M\u00e9dico Licey (CEMELI),\u00a0 su lugar de trabajo como cirujano general y supuestamente lugar donde se produjeron las hechos delictivos denunciados.<\/p>\n<picture class=\"image\">El exalcalde de Licey Al Medio \/ Fuente Externa<\/picture>\n<p>\u201cEl arresto se llev\u00f3 a cabo bajo la orden renovada 4753 del 8 de septiembre y emitida por la jueza Irka M\u00e9ndez Sosa de la Oficina Judicial de Servicios de Atenci\u00f3n Permanente de Santiago\u201d, se lee en un comunicado oficial.<\/p>\n<p>Detalles adelantados por el Ministerio P\u00fablicos sobre la investigaci\u00f3n revelan que las presuntas v\u00edctimas del galeno hab\u00edan sido abusadas y violadas sexualmente mientras estaban como pacientes y bajos los efectos de anestesia en su consultorio.<\/p>\n<p>Se prev\u00e9 que el Ministerio P\u00fablico solicite a la Justicia en las pr\u00f3ximas horas la prisi\u00f3n preventiva como medida de coerci\u00f3n contra el doctor Quezada Fern\u00e1ndez.<\/p>\n<p>Impactos: 90<\/p>","protected":false},"excerpt":{"rendered":"<p>Por\u00a0M\u00c1XIMO LAUREANO &nbsp; SANTIAGO DE LOS CABALLEROS, Rep\u00fablica Dominicana.- El m\u00e9dico cirujano\u00a0Lenin Quezada Fern\u00e1ndez, exalcalde de Licey Al Medio, fue detenido hoy tras ser<\/p>\n","protected":false},"author":3,"featured_media":12203,"comment_status":"open","ping_status":"closed","sticky":false,"template":"","format":"standard","meta":[],"categories":[3],"tags":[],"_links":{"self":[{"href":"https:\/\/hormigaradio.com\/index.php?rest_route=\/wp\/v2\/posts\/12200"}],"collection":[{"href":"https:\/\/hormigaradio.com\/index.php?rest_route=\/wp\/v2\/posts"}],"about":[{"href":"https:\/\/hormigaradio.com\/index.php?rest_route=\/wp\/v2\/types\/post"}],"author":[{"embeddable":true,"href":"https:\/\/hormigaradio.com\/index.php?rest_route=\/wp\/v2\/users\/3"}],"replies":[{"embeddable":true,"href":"https:\/\/hormigaradio.com\/index.php?rest_route=%2Fwp%2Fv2%2Fcomments&post=12200"}],"version-history":[{"count":2,"href":"https:\/\/hormigaradio.com\/index.php?rest_route=\/wp\/v2\/posts\/12200\/revisions"}],"predecessor-version":[{"id":12202,"href":"https:\/\/hormigaradio.com\/index.php?rest_route=\/wp\/v2\/posts\/12200\/revisions\/12202"}],"wp:featuredmedia":[{"embeddable":true,"href":"https:\/\/hormigaradio.com\/index.php?rest_route=\/wp\/v2\/media\/12203"}],"wp:attachment":[{"href":"https:\/\/hormigaradio.com\/index.php?rest_route=%2Fwp%2Fv2%2Fmedia&parent=12200"}],"wp:term":[{"taxonomy":"category","embeddable":true,"href":"https:\/\/hormigaradio.com\/index.php?rest_route=%2Fwp%2Fv2%2Fcategories&post=12200"},{"taxonomy":"post_tag","embeddable":true,"href":"https:\/\/hormigaradio.com\/index.php?rest_route=%2Fwp%2Fv2%2Ftags&post=12200"}],"curies":[{"name":"wp","href":"https:\/\/api.w.org\/{rel}","templated":true}]}}