{"id":12204,"date":"2021-02-04T16:25:07","date_gmt":"2021-02-04T16:25:07","guid":{"rendered":"http:\/\/hormigaradio.com\/?p=12204"},"modified":"2021-02-04T16:28:49","modified_gmt":"2021-02-04T16:28:49","slug":"todo-listo-para-la-propuesta-televisiva-santiago-corazon-de-carnaval","status":"publish","type":"post","link":"https:\/\/hormigaradio.com\/?p=12204","title":{"rendered":"TODO LISTO PARA LA PROPUESTA TELEVISIVA \u201cSANTIAGO CORAZ\u00d3N DE CARNAVAL\u201d"},"content":{"rendered":"<p><strong>Firma invitada\/H.R.<\/strong><\/p>\n<p>Todo est\u00e1 listo para iniciar el pr\u00f3ximo domingo 7 de febrero, la innovadora propuesta televisiva \u201cSantiago Coraz\u00f3n de Carnaval\u201d que producir\u00e1 Medios Unidos del Cibao (Muci) para mantener\u00a0 activa la festividad popular carnavalesca de esta ciudad en tiempos de pandemia.<\/p>\n<p>El programa contar\u00e1 con la producci\u00f3n general de Muci, con la coordinaci\u00f3n art\u00edstica de la core\u00f3grafa Clara Olivo, junto a Olga V\u00e1zquez \u00a0y la co-producci\u00f3n Alexis G\u00f3mez y ser\u00e1 transmitido todos los domingos del mes de febrero\u00a0 por los canales que integran\u00a0 Teleuniverso canal 29, Teleuni\u00f3n, canal 25 y S\u00faper TV 55.<\/p>\n<p>La conducci\u00f3n de \u201cSantiago Coraz\u00f3n de Carnaval\u201d incluye al comunicador\u00a0 Ney Zapata, al escritor y gestor cultural Rafael Alm\u00e1nzar, el animador Jean Carlos S\u00e1nchez, entre otros reconocidos talentos locales.<\/p>\n<p>\u201cSantiago Coraz\u00f3n de Carnaval\u201d \u00a0llevar\u00e1\u00a0 alegr\u00eda y diversi\u00f3n a toda la poblaci\u00f3n e incluir\u00e1 una documentaci\u00f3n visual de Muci recopilada en los \u00faltimos 16 a\u00f1os parte de este montaje.<\/p>\n<p>El p\u00fablico podr\u00e1 disfrutar desde sus hogares y a trav\u00e9s de las plataformas digitales de\u00a0 segmentos, entrevistas actualizadas, reportajes, personajes tradicionales y vivencias de muchos de los protagonistas de esta festividad, as\u00ed como un toque del llamativo \u00a0carnaval social de Santiago.<\/p>\n<p>Muci preocupada por la situaci\u00f3n actual debido al Covid -19 ha querido seguir los lineamientos y dict\u00e1menes de las autoridades, realizando un contenido innovador sin poner en riesgo la salud de la poblaci\u00f3n<\/p>\n<p>&nbsp;<\/p>\n<p>&nbsp;<\/p>\n<p>Impactos: 71<\/p>","protected":false},"excerpt":{"rendered":"<p>Firma invitada\/H.R. Todo est\u00e1 listo para iniciar el pr\u00f3ximo domingo 7 de febrero, la innovadora propuesta televisiva \u201cSantiago Coraz\u00f3n de Carnaval\u201d que producir\u00e1 Medios<\/p>\n","protected":false},"author":3,"featured_media":12206,"comment_status":"open","ping_status":"closed","sticky":false,"template":"","format":"standard","meta":[],"categories":[4],"tags":[],"_links":{"self":[{"href":"https:\/\/hormigaradio.com\/index.php?rest_route=\/wp\/v2\/posts\/12204"}],"collection":[{"href":"https:\/\/hormigaradio.com\/index.php?rest_route=\/wp\/v2\/posts"}],"about":[{"href":"https:\/\/hormigaradio.com\/index.php?rest_route=\/wp\/v2\/types\/post"}],"author":[{"embeddable":true,"href":"https:\/\/hormigaradio.com\/index.php?rest_route=\/wp\/v2\/users\/3"}],"replies":[{"embeddable":true,"href":"https:\/\/hormigaradio.com\/index.php?rest_route=%2Fwp%2Fv2%2Fcomments&post=12204"}],"version-history":[{"count":1,"href":"https:\/\/hormigaradio.com\/index.php?rest_route=\/wp\/v2\/posts\/12204\/revisions"}],"predecessor-version":[{"id":12205,"href":"https:\/\/hormigaradio.com\/index.php?rest_route=\/wp\/v2\/posts\/12204\/revisions\/12205"}],"wp:featuredmedia":[{"embeddable":true,"href":"https:\/\/hormigaradio.com\/index.php?rest_route=\/wp\/v2\/media\/12206"}],"wp:attachment":[{"href":"https:\/\/hormigaradio.com\/index.php?rest_route=%2Fwp%2Fv2%2Fmedia&parent=12204"}],"wp:term":[{"taxonomy":"category","embeddable":true,"href":"https:\/\/hormigaradio.com\/index.php?rest_route=%2Fwp%2Fv2%2Fcategories&post=12204"},{"taxonomy":"post_tag","embeddable":true,"href":"https:\/\/hormigaradio.com\/index.php?rest_route=%2Fwp%2Fv2%2Ftags&post=12204"}],"curies":[{"name":"wp","href":"https:\/\/api.w.org\/{rel}","templated":true}]}}