{"id":12207,"date":"2021-02-05T02:19:41","date_gmt":"2021-02-05T02:19:41","guid":{"rendered":"http:\/\/hormigaradio.com\/?p=12207"},"modified":"2021-02-05T02:19:41","modified_gmt":"2021-02-05T02:19:41","slug":"fernando-bonilla-se-la-juega-por-llegar-al-comite-central-del-pld","status":"publish","type":"post","link":"https:\/\/hormigaradio.com\/?p=12207","title":{"rendered":"FERNANDO BONILLA SE  LA JUEGA POR LLEGAR AL COMIT\u00c9 CENTRAL DEL PLD"},"content":{"rendered":"<p><strong>Firma invitada\/H.R.<\/strong><\/p>\n<p>El dirigente del Partido de la Liberaci\u00f3n Dominicana (PLD), Fernando Bonilla, aspira a lograr la membres\u00eda del Comit\u00e9 Central de la organizaci\u00f3n morada y la estrella amarilla.<\/p>\n<p>&#8220;Nuestras aspiraciones est\u00e1n motivadas por la gran necesidad que tiene el partido de renovarse eligiendo a los hombres y mujeres comprometidos con la transformaci\u00f3n y el fortalecimiento de la identidad partidaria&#8221;, expres\u00f3 Bonilla.<\/p>\n<figure id=\"attachment_12208\" aria-describedby=\"caption-attachment-12208\" style=\"width: 283px\" class=\"wp-caption alignleft\"><a href=\"http:\/\/hormigaradio.com\/?attachment_id=12208\" rel=\"attachment wp-att-12208\"><img loading=\"lazy\" class=\"wp-image-12208 size-medium\" src=\"http:\/\/hormigaradio.com\/wp-content\/uploads\/2021\/02\/WhatsApp-Image-2021-01-31-at-11.16.39-PM-283x300.jpeg\" alt=\"\" width=\"283\" height=\"300\" srcset=\"https:\/\/hormigaradio.com\/wp-content\/uploads\/2021\/02\/WhatsApp-Image-2021-01-31-at-11.16.39-PM-283x300.jpeg 283w, https:\/\/hormigaradio.com\/wp-content\/uploads\/2021\/02\/WhatsApp-Image-2021-01-31-at-11.16.39-PM-768x813.jpeg 768w, https:\/\/hormigaradio.com\/wp-content\/uploads\/2021\/02\/WhatsApp-Image-2021-01-31-at-11.16.39-PM.jpeg 967w\" sizes=\"(max-width: 283px) 100vw, 283px\" \/><\/a><figcaption id=\"caption-attachment-12208\" class=\"wp-caption-text\"><strong>Fernando Bonilla.<\/strong><\/figcaption><\/figure>\n<p>Fernando es uno de los 321 candidatos que compite por obtener una de las 110 plazas en disputa del Comit\u00e9 Central en el nivel nacional, ocupa la casilla n\u00famero 30 en la boleta y la escogencia se realizar\u00e1 el pr\u00f3ximo 14 de febrero en el marco de la celebraci\u00f3n del IX Congreso Jos\u00e9 Joaqu\u00edn Bid\u00f3 Medina.<\/p>\n<p>Fernando Bonilla es un dirigente emergente del PLD de la provincia de Santiago, que presidi\u00f3 la Federaci\u00f3n de Estudiantes Dominicanos (FED) en la UASD Recinto Santiago en representaci\u00f3n de la Vanguardia Estudiantil Dominicana (VED); frente de masas af\u00edn al Partido de la Liberaci\u00f3n Dominicana en la universidad estatal. Adem\u00e1s, es presidente de comit\u00e9 de base del comit\u00e9 intermedio Juan Pablo Duarte de Cienfuegos, distrito municipal de Santiago Oeste.<\/p>\n<p>Impactos: 79<\/p>","protected":false},"excerpt":{"rendered":"<p>Firma invitada\/H.R. El dirigente del Partido de la Liberaci\u00f3n Dominicana (PLD), Fernando Bonilla, aspira a lograr la membres\u00eda del Comit\u00e9 Central de la organizaci\u00f3n<\/p>\n","protected":false},"author":3,"featured_media":12208,"comment_status":"open","ping_status":"closed","sticky":false,"template":"","format":"standard","meta":[],"categories":[6],"tags":[],"_links":{"self":[{"href":"https:\/\/hormigaradio.com\/index.php?rest_route=\/wp\/v2\/posts\/12207"}],"collection":[{"href":"https:\/\/hormigaradio.com\/index.php?rest_route=\/wp\/v2\/posts"}],"about":[{"href":"https:\/\/hormigaradio.com\/index.php?rest_route=\/wp\/v2\/types\/post"}],"author":[{"embeddable":true,"href":"https:\/\/hormigaradio.com\/index.php?rest_route=\/wp\/v2\/users\/3"}],"replies":[{"embeddable":true,"href":"https:\/\/hormigaradio.com\/index.php?rest_route=%2Fwp%2Fv2%2Fcomments&post=12207"}],"version-history":[{"count":1,"href":"https:\/\/hormigaradio.com\/index.php?rest_route=\/wp\/v2\/posts\/12207\/revisions"}],"predecessor-version":[{"id":12209,"href":"https:\/\/hormigaradio.com\/index.php?rest_route=\/wp\/v2\/posts\/12207\/revisions\/12209"}],"wp:featuredmedia":[{"embeddable":true,"href":"https:\/\/hormigaradio.com\/index.php?rest_route=\/wp\/v2\/media\/12208"}],"wp:attachment":[{"href":"https:\/\/hormigaradio.com\/index.php?rest_route=%2Fwp%2Fv2%2Fmedia&parent=12207"}],"wp:term":[{"taxonomy":"category","embeddable":true,"href":"https:\/\/hormigaradio.com\/index.php?rest_route=%2Fwp%2Fv2%2Fcategories&post=12207"},{"taxonomy":"post_tag","embeddable":true,"href":"https:\/\/hormigaradio.com\/index.php?rest_route=%2Fwp%2Fv2%2Ftags&post=12207"}],"curies":[{"name":"wp","href":"https:\/\/api.w.org\/{rel}","templated":true}]}}