{"id":12218,"date":"2021-02-05T17:04:39","date_gmt":"2021-02-05T17:04:39","guid":{"rendered":"http:\/\/hormigaradio.com\/?p=12218"},"modified":"2021-02-05T20:40:04","modified_gmt":"2021-02-05T20:40:04","slug":"ratifican-medidas-preventivas-por-coronavirus-hasta-el-22-de-febrero-todo-sigue-igual","status":"publish","type":"post","link":"https:\/\/hormigaradio.com\/?p=12218","title":{"rendered":"RATIFICAN MEDIDAS PREVENTIVAS POR CORONAVIRUS  HASTA EL 22 DE FEBRERO, TODO SIGUE IGUAL"},"content":{"rendered":"<section id=\"main-article\" class=\"event5 event25 event50 event75 event100\" data-path=\"https:\/\/acento.com.do\/actualidad\/abinader-extiende-medidas-contra-covid-19-toque-de-queda-permanecera-sin-cambios-8909658.html\">\n<div class=\"desktop-extra-holder\">\n<div class=\"article-body\">\n<div class=\"article-body-content\">\n<p>Por\u00a0<a class=\"text-font font-700\" href=\"https:\/\/acento.com.do\/autor\/index.html?user_slug=servicios\">SERVICIOS DE ACENTO.COM.DO<\/a><\/p>\n<p>SANTO DOMINGO, Rep\u00fablica Dominicana.- El presidente Luis Abinader dispone este viernes mediante el decreto n\u00famero 61-21, la\u00a0<strong>extensi\u00f3n de todas las medidas<\/strong>\u00a0vigentes para combatir la covid-19 y que forman parte del estado de emergencia declarado en el pa\u00eds por la pandemia.<\/p>\n<p>El decreto del Poder Ejecutivo mantiene vigente todas las medidas de distanciamiento social y los horarios de toque de queda desde el\u00a0<strong>martes 9 hasta el lunes 22 de este mes de febrero<\/strong>\u00a0e indica que en su momento las autoridades revisar\u00e1n las medidas.<\/p>\n<p>Recuerda que las medidas contenidas en el decreto 37-21, establecen que el horario de toque de queda en el territorio nacional de\u00a0<strong>lunes a viernes<\/strong>, es de las\u00a0<strong>7:00 de la noche hasta las 5:00 de la ma\u00f1ana<\/strong>, mientras que los s\u00e1bados y los domingos es desde las<strong>\u00a05:00 de la tarde hasta las 5:00 de la ma\u00f1ana<\/strong>.<\/p>\n<p><a href=\"http:\/\/hormigaradio.com\/?attachment_id=12219\" rel=\"attachment wp-att-12219\"><img loading=\"lazy\" class=\"alignleft wp-image-12219 size-full\" src=\"http:\/\/hormigaradio.com\/wp-content\/uploads\/2021\/02\/Palacio-Nacional.jpg\" alt=\"\" width=\"780\" height=\"405\" srcset=\"https:\/\/hormigaradio.com\/wp-content\/uploads\/2021\/02\/Palacio-Nacional.jpg 780w, https:\/\/hormigaradio.com\/wp-content\/uploads\/2021\/02\/Palacio-Nacional-300x156.jpg 300w, https:\/\/hormigaradio.com\/wp-content\/uploads\/2021\/02\/Palacio-Nacional-768x399.jpg 768w\" sizes=\"(max-width: 780px) 100vw, 780px\" \/><\/a><\/p>\n<p>El decreto del presidente Luis Abinader dispone de una\u00a0<strong>gracia de libre circulaci\u00f3n, de 3 horas adicionales todos los d\u00edas<\/strong>, con el prop\u00f3sito de que las personas puedan dirigirse a sus respectivas residencias.<\/p>\n<p>Precisa que el libre tr\u00e1nsito de lunes a viernes es hasta las<strong>\u00a010:00 de la noche,<\/strong>\u00a0mientras que los s\u00e1bados y los domingos es hasta las\u00a0<strong>8:00 de la noche.<\/strong><\/p>\n<p>Resalta que las medidas forman parte de la estrategia preparada por la Organizaci\u00f3n Mundial de la Salud (OMS) para guiar la respuesta estatal durante la pandemia de la COVID-19, que establecen que los pa\u00edses con transmisi\u00f3n comunitaria, como la Rep\u00fablica Dominicana, deben adoptar medidas de distanciamiento f\u00edsico y restricciones de movimiento que reduzcan el contacto de las personas para reducir la mortalidad y curva de contagio de la enfermedad, as\u00ed como para aliviar parte de la presi\u00f3n de los servicios de atenci\u00f3n m\u00e9dica.<\/p>\n<p><strong>Distanciamiento social\u00a0<\/strong><\/p>\n<p>El decreto reitera lo contenido en el cap\u00edtulo IV del decreto 37-21, que contiene todas las medidas de salud, donde se confirma que en el territorio nacional es obligatorio el uso de mascarillas en lugares p\u00fablicos y privados de uso p\u00fablico.<\/p>\n<p>Adem\u00e1s, indica que es obligatorio cumplir con las dem\u00e1s medidas y protocolos de distanciamiento social adoptados por las autoridades correspondientes y recuerda que su incumplimiento ser\u00e1 sancionado con las disposiciones que establece la ley de Salud, n\u00famero 42-01.<\/p>\n<p>Tambi\u00e9n se mantienen prohibidas las actividades y eventos masivos que impliquen la aglomeraci\u00f3n de personas.<\/p>\n<p>Comunica que el horario laboral en el sector p\u00fablico es hasta las 3:00 de la tarde y que el 40% de la plantilla de empleados p\u00fablicos no esenciales para la actividad del Estado, continuar\u00e1 sus labores a trav\u00e9s del teletrabajo.<\/p>\n<p><strong>Regulaci\u00f3n de espacios de uso p\u00fablico<\/strong><\/p>\n<p>Mediante el decreto se reitera tambi\u00e9n que las personas pueden utilizar los espacios abiertos al aire libre, tales como parques y malecones, para actividades que no impliquen aglomeraci\u00f3n y en estricto cumplimiento de los protocolos sanitarios dispuestos por las autoridades de salud.<\/p>\n<div id=\"news-4-25\" class=\"banner-box dfp-async\" data-bannerdesktop=\"true\" data-bannermobile=\"true\"><\/div>\n<p>Establece que los lugares dedicados a pr\u00e1cticas deportivas y ejercicio f\u00edsico, tales como gimnasios, pueden recibir clientes y operar en sus instalaciones s\u00f3lo hasta el 60% de su capacidad total.<\/p>\n<p>De igual forma, los lugares de consumo de alimentos y bebidas pueden recibir clientes en sus instalaciones hasta el 60 % de su capacidad total, en estricto cumplimiento de los protocolos sanitarios vigentes y sin exceder 6 personas por mesa en los lugares que aplique.<\/p>\n<p><iframe loading=\"lazy\" src=\"https:\/\/drive.google.com\/file\/d\/1xoYFuj0-YrzMTsJ8zSwx4proSpI_qHs6\/preview\" width=\"640\" height=\"480\" data-mce-fragment=\"1\"><\/iframe><\/p>\n<div id=\"news-4-31\" class=\"banner-box dfp-async\" data-bannerdesktop=\"true\" data-bannermobile=\"true\"><\/div>\n<p>En cuanto a las actividades religiosas, el decreto recuerda que se pueden celebrar tres veces por semana las actividades de las diferentes iglesias y otras denominaciones religiosas, en estricto cumplimiento de los protocolos sanitarios vigentes y sin exceder el 60% de la capacidad total de sus instalaciones.<\/p>\n<p>El sector tur\u00edstico seguir\u00e1 operando bajo el protocolo sectorial dispuesto por las autoridades de salud.<\/p>\n<p><strong>Excepciones durante el toque de queda<\/strong><\/p>\n<p>Se reitera tambi\u00e9n que durante el horario de toque de queda, s\u00f3lo se permitir\u00e1 la circulaci\u00f3n de las personas dedicadas a los servicios de salud y los ciudadanos con alguna emergencia que se dirijan a un centro de salud o a una farmacia.<\/p>\n<p>Tambi\u00e9n, el personal dedicado a las labores de seguridad, debidamente identificados, miembros de la prensa o medios de comunicaci\u00f3n acreditados y los prestadores de servicios de energ\u00eda, agua, telecomunicaciones y recogida de desechos s\u00f3lidos, durante el ejercicio de sus funciones y correctamente identificados.<\/p>\n<p>Adem\u00e1s, los operadores de veh\u00edculos dedicados a la distribuci\u00f3n de mercanc\u00edas, insumos y combustibles, as\u00ed como las personas que laboran en la industria, el comercio de alimentos, productos m\u00e9dicos y farmac\u00e9uticos, siempre que porten autorizaci\u00f3n de la Comisi\u00f3n de Alto Nivel para la Prevenci\u00f3n y Control del coronavirus.<\/p>\n<p>Igualmente, los empleados o contratistas de comercios que brinden servicio a domicilio, quienes tendr\u00e1n permiso de circular hasta las 11:00 de la noche, exclusivamente en el ejercicio de sus funciones, los pasajeros internacionales y las personas que los trasladen, debidamente identificados en tr\u00e1nsito hacia o desde los puertos y los aeropuertos.<\/p>\n<p>Finalmente, los empleados de empresas que brindan servicios funerarios, en el ejercicio de sus funciones, el personal y los contratistas de los sectores de hoteler\u00eda, miner\u00eda y zonas francas, durante ejercicio de sus funciones, as\u00ed como los empleados de la Oficina para el Reordenamiento del Tr\u00e1nsito (OPRET) y la Oficina Metropolitana de Servicios de Autobuses (OMSA), tras la culminaci\u00f3n de sus labores, identificados y que se dirijan a sus residencias.<\/p>\n<\/div>\n<\/div>\n<\/div>\n<\/section>\n<section id=\"second-article\" class=\"partial-content\" data-path=\"\/actualidad\/abinader-gobierna-con-decencia-y-enfrenta-la-corrupcion-como-lo-hizo-bosch-8909272.html\">\n<div class=\"desktop-extra-holder\">\n<div class=\"article-body\">\n<div class=\"top-part\"><\/div>\n<\/div>\n<\/div>\n<\/section>\n<p>Impactos: 1210<\/p>","protected":false},"excerpt":{"rendered":"<p>Por\u00a0SERVICIOS DE ACENTO.COM.DO SANTO DOMINGO, Rep\u00fablica Dominicana.- El presidente Luis Abinader dispone este viernes mediante el decreto n\u00famero 61-21, la\u00a0extensi\u00f3n de todas las medidas\u00a0vigentes<\/p>\n","protected":false},"author":3,"featured_media":12219,"comment_status":"open","ping_status":"closed","sticky":false,"template":"","format":"standard","meta":[],"categories":[3],"tags":[],"_links":{"self":[{"href":"https:\/\/hormigaradio.com\/index.php?rest_route=\/wp\/v2\/posts\/12218"}],"collection":[{"href":"https:\/\/hormigaradio.com\/index.php?rest_route=\/wp\/v2\/posts"}],"about":[{"href":"https:\/\/hormigaradio.com\/index.php?rest_route=\/wp\/v2\/types\/post"}],"author":[{"embeddable":true,"href":"https:\/\/hormigaradio.com\/index.php?rest_route=\/wp\/v2\/users\/3"}],"replies":[{"embeddable":true,"href":"https:\/\/hormigaradio.com\/index.php?rest_route=%2Fwp%2Fv2%2Fcomments&post=12218"}],"version-history":[{"count":4,"href":"https:\/\/hormigaradio.com\/index.php?rest_route=\/wp\/v2\/posts\/12218\/revisions"}],"predecessor-version":[{"id":12223,"href":"https:\/\/hormigaradio.com\/index.php?rest_route=\/wp\/v2\/posts\/12218\/revisions\/12223"}],"wp:featuredmedia":[{"embeddable":true,"href":"https:\/\/hormigaradio.com\/index.php?rest_route=\/wp\/v2\/media\/12219"}],"wp:attachment":[{"href":"https:\/\/hormigaradio.com\/index.php?rest_route=%2Fwp%2Fv2%2Fmedia&parent=12218"}],"wp:term":[{"taxonomy":"category","embeddable":true,"href":"https:\/\/hormigaradio.com\/index.php?rest_route=%2Fwp%2Fv2%2Fcategories&post=12218"},{"taxonomy":"post_tag","embeddable":true,"href":"https:\/\/hormigaradio.com\/index.php?rest_route=%2Fwp%2Fv2%2Ftags&post=12218"}],"curies":[{"name":"wp","href":"https:\/\/api.w.org\/{rel}","templated":true}]}}