{"id":12224,"date":"2021-02-06T22:40:12","date_gmt":"2021-02-06T22:40:12","guid":{"rendered":"http:\/\/hormigaradio.com\/?p=12224"},"modified":"2021-02-09T03:30:15","modified_gmt":"2021-02-09T03:30:15","slug":"fuerza-del-pueblo-arremete-contra-abel-dice-auditoria-no-revela-todo-lo-malo-de-alcaldia-video","status":"publish","type":"post","link":"https:\/\/hormigaradio.com\/?p=12224","title":{"rendered":"FUERZA DEL PUEBLO ARREMETE CONTRA ABEL, DICE AUDITOR\u00cdA NO REVELA TODO LO MALO DE ALCALD\u00cdA (v\u00eddeo)"},"content":{"rendered":"<hr \/>\n<section id=\"main-article\" class=\"event5 event25 event50 event75\" data-path=\"https:\/\/acento.com.do\/actualidad\/fuerza-del-pueblo-arremete-contra-abel-dice-auditoria-no-revela-todo-lo-malo-de-alcaldia-8909991.html\">\n<div class=\"desktop-extra-holder\">\n<div class=\"article-body\">\n<div class=\"article-body-content\">\n<p>Por\u00a0<a class=\"text-font font-700\" href=\"https:\/\/acento.com.do\/autor\/index.html?user_slug=mlaureano\">M\u00c1XIMO LAUREANO<\/a><\/p>\n<p>SANTIAGO DE LOS CABALLEROS, Rep\u00fablica Dominicana.-\u00a0 Representantes de la direcci\u00f3n del partido Fuerza del Pueblo en Santiago solicitaron a la C\u00e1mara de Cuentas que se haga una auditor\u00eda m\u00e1s rigurosa a la gesti\u00f3n del alcalde Abel Atahualpa Mart\u00ednez Dur\u00e1n, tras considerar que son limitados los hallazgos de irregularidades detectadas por el \u00f3rgano fiscalizador del uso de los recursos p\u00fablicos.<\/p>\n<p>En relaci\u00f3n con la revisi\u00f3n consideran que a pesar de que se detectaron escandalosas irregularidades que podr\u00edan dar pie a imputaciones penales, esa auditor\u00eda a la primera gesti\u00f3n de Abel Mart\u00ednez (2016-2020) es limitada y circunscrita solo a la Direcci\u00f3n de Recursos Humanos de la Alcald\u00eda de Santiago de los Caballeros.<\/p>\n<p>\u201cLa direcci\u00f3n municipal (de Fureza del Pueblo) entiende que lo revelado por el citado informe evidencia descontroles administrativos que muy probablemente se hayan constituido en pr\u00e1cticas comunes en toda la entidad edilicia y deber\u00edan ser investigados, comprobados y tipificados por las autoridades de control financiero del Estado\u201d, aseguraron los dirigentes de la FP en un comunicado difundido sobre las irregularidades en el Ayuntamiento.<\/p>\n<p>En cuanto a las\u00a0 explicaciones del alcalde Mart\u00ednez Dur\u00e1n, expuestas en un v\u00eddeo y en un comunicado de sus abogados y seguidores, los dirigentes del FP dijeron que\u00a0 son insuficientes y no reflejan la voluntad de articular un ambiente de control efectivo de la gesti\u00f3n.<\/p>\n<p>Se\u00f1alaron que la actitud de autodefensa de Abel Mart\u00ednez contribuye poco a la necesidad de rectificar pr\u00e1cticas burocr\u00e1ticas clientelares y populistas que debilitan el fortalecimiento institucional de la Alcald\u00eda de Santiago.<\/p>\n<p>\u201cSon limitadas e incompletas las pesquisas realizadas a la fecha en la Alcald\u00eda de Santiago, se deben profundizar las investigaciones aqu\u00ed y en otras administraciones municipales en la provincia\u201d, afirman los dirgentes de Fuerza del Pueblo en Santiago.<\/p>\n<p><iframe loading=\"lazy\" src=\"https:\/\/player.vimeo.com\/video\/509196931?color=ef0000\" width=\"640\" height=\"360\" frameborder=\"0\" allowfullscreen=\"allowfullscreen\" data-mce-fragment=\"1\"><\/iframe><\/p>\n<\/div>\n<\/div>\n<div class=\"right-column\">\n<div class=\"right-column--inner\">\n<div class=\"entry-autores\">\n<div class=\"swiper-container swiper-autores loaded swiper-container-horizontal swiper-container-free-mode\" data-slidernotas=\"autoresColumnaDerecha\">\n<div class=\"swiper-wrapper\">\n<div class=\"swiper-slide swiper-slide-active\">\n<div class=\"opinion-autor\"><\/div>\n<\/div>\n<\/div>\n<\/div>\n<\/div>\n<\/div>\n<\/div>\n<\/div>\n<\/section>\n<p>Impactos: 69<\/p>","protected":false},"excerpt":{"rendered":"<p>Por\u00a0M\u00c1XIMO LAUREANO SANTIAGO DE LOS CABALLEROS, Rep\u00fablica Dominicana.-\u00a0 Representantes de la direcci\u00f3n del partido Fuerza del Pueblo en Santiago solicitaron a la C\u00e1mara de<\/p>\n","protected":false},"author":3,"featured_media":12214,"comment_status":"open","ping_status":"closed","sticky":false,"template":"","format":"standard","meta":[],"categories":[6],"tags":[],"_links":{"self":[{"href":"https:\/\/hormigaradio.com\/index.php?rest_route=\/wp\/v2\/posts\/12224"}],"collection":[{"href":"https:\/\/hormigaradio.com\/index.php?rest_route=\/wp\/v2\/posts"}],"about":[{"href":"https:\/\/hormigaradio.com\/index.php?rest_route=\/wp\/v2\/types\/post"}],"author":[{"embeddable":true,"href":"https:\/\/hormigaradio.com\/index.php?rest_route=\/wp\/v2\/users\/3"}],"replies":[{"embeddable":true,"href":"https:\/\/hormigaradio.com\/index.php?rest_route=%2Fwp%2Fv2%2Fcomments&post=12224"}],"version-history":[{"count":2,"href":"https:\/\/hormigaradio.com\/index.php?rest_route=\/wp\/v2\/posts\/12224\/revisions"}],"predecessor-version":[{"id":12233,"href":"https:\/\/hormigaradio.com\/index.php?rest_route=\/wp\/v2\/posts\/12224\/revisions\/12233"}],"wp:featuredmedia":[{"embeddable":true,"href":"https:\/\/hormigaradio.com\/index.php?rest_route=\/wp\/v2\/media\/12214"}],"wp:attachment":[{"href":"https:\/\/hormigaradio.com\/index.php?rest_route=%2Fwp%2Fv2%2Fmedia&parent=12224"}],"wp:term":[{"taxonomy":"category","embeddable":true,"href":"https:\/\/hormigaradio.com\/index.php?rest_route=%2Fwp%2Fv2%2Fcategories&post=12224"},{"taxonomy":"post_tag","embeddable":true,"href":"https:\/\/hormigaradio.com\/index.php?rest_route=%2Fwp%2Fv2%2Ftags&post=12224"}],"curies":[{"name":"wp","href":"https:\/\/api.w.org\/{rel}","templated":true}]}}