{"id":12230,"date":"2021-02-08T21:01:58","date_gmt":"2021-02-08T21:01:58","guid":{"rendered":"http:\/\/hormigaradio.com\/?p=12230"},"modified":"2021-02-08T21:01:58","modified_gmt":"2021-02-08T21:01:58","slug":"pucmm-inaugura-centro-de-investigacion-biologia-molecular","status":"publish","type":"post","link":"https:\/\/hormigaradio.com\/?p=12230","title":{"rendered":"PUCMM INAUGURA CENTRO DE INVESTIGACI\u00d3N BIOLOG\u00cdA MOLECULAR"},"content":{"rendered":"<p>Por\u00a0<a class=\"text-font font-700\" href=\"https:\/\/acento.com.do\/autor\/index.html?user_slug=mlaureano\">M\u00c1XIMO LAUREANO<\/a><\/p>\n<p>SANTIAGO DE LOS CABALLEROS,\u00a0 Rep\u00fablica Dominicana.-Autoridades de la Pontificia Universidad Cat\u00f3lica Madre y Maestra (PUCMM), la vicepresidenta de la Rep\u00fablica,\u00a0 Raquel Pe\u00f1a y el ministro de Salud inauguraron el Centro de Investigaci\u00f3n de Biolog\u00eda Molecular Dr. Salom\u00f3n Jorge.<\/p>\n<picture class=\"image\"><img loading=\"lazy\" src=\"https:\/\/acento.com.do\/media\/storage02\/uploads\/2021\/02\/cibm-salomon-jorge-4-2-21-46-full-728x410.webp\" alt=\"\" width=\"3000\" height=\"2000\" \/><\/picture>\n<p>Se trata de un centro en el cual se podr\u00e1n realizar investigaciones en las \u00e1reas de la biolog\u00eda molecular y celular, inmunolog\u00eda, microbiolog\u00eda y neurociencias, como tambi\u00e9n pruebas diagn\u00f3sticas para la detecci\u00f3n del COVID-19 en la regi\u00f3n norte y nuevas cepas de la enfermedad, seg\u00fan explicaron las autoridades de la PUCMM.<\/p>\n<p>En relaci\u00f3n a la calificaci\u00f3n centro que cuenta con el apoyo de con el apoyo de la Fundaci\u00f3n Eduardo Le\u00f3n Jimenes, este contar\u00e1 con equipos e infraestructura de \u00faltima generaci\u00f3n y cient\u00edficos cualificados.<\/p>\n<p>Agregaron que estas facilidades permitir\u00e1n estudiar a profundidad diferentes enfermedades que aquejan a la poblaci\u00f3n dominicana.<\/p>\n<p>\u201cTambi\u00e9n esta iniciativa permitir\u00e1 la formaci\u00f3n de investigadores en las \u00e1reas antes mencionadas, ya que se desarrollar\u00e1n tesis a nivel de grado, maestr\u00eda y doctorado de la PUCMM, lo cual fortalecer\u00e1 la investigaci\u00f3n del pa\u00eds en \u00e1reas biom\u00e9dicas\u201d,\u00a0 afirmaron los responsables de la apertura del centro.<\/p>\n<p>Las autoridades\u00a0 de la PUCMM, aseguraron que este proyecto la universidad pone al servicio del pa\u00eds su talento humano y profesional, asumiendo su misi\u00f3n institucional de buscar soluciones cient\u00edficas a los desaf\u00edos que enfrenta el pueblo dominicano y su entorno global.<\/p>\n<p>\u201cComo dice el Papa Francisco esta pandemia nos ha hecho caer en la cuenta de que en este mundo, nuestro mundo, necesitamos desarrollar esta conciencia de que hoy o nos salvamos todos o no se salva nadie\u201d, expres\u00f3 el rector de la PUCMM, Alfredo de la Cruz Baldera.<\/p>\n<p>Como representante de la Fundaci\u00f3n Eduardo Le\u00f3n Jimenes,Jorge Le\u00f3n, indic\u00f3 que esta pandemia ha permitido a la humanidad recordar el valor de la ciencia y la investigaci\u00f3n como una v\u00eda para alcanzar las soluciones a los diferentes problemas que afectan a la sociedad<\/p>\n<p>Impactos: 70<\/p>","protected":false},"excerpt":{"rendered":"<p>Por\u00a0M\u00c1XIMO LAUREANO SANTIAGO DE LOS CABALLEROS,\u00a0 Rep\u00fablica Dominicana.-Autoridades de la Pontificia Universidad Cat\u00f3lica Madre y Maestra (PUCMM), la vicepresidenta de la Rep\u00fablica,\u00a0 Raquel Pe\u00f1a<\/p>\n","protected":false},"author":3,"featured_media":12231,"comment_status":"open","ping_status":"closed","sticky":false,"template":"","format":"standard","meta":[],"categories":[17],"tags":[],"_links":{"self":[{"href":"https:\/\/hormigaradio.com\/index.php?rest_route=\/wp\/v2\/posts\/12230"}],"collection":[{"href":"https:\/\/hormigaradio.com\/index.php?rest_route=\/wp\/v2\/posts"}],"about":[{"href":"https:\/\/hormigaradio.com\/index.php?rest_route=\/wp\/v2\/types\/post"}],"author":[{"embeddable":true,"href":"https:\/\/hormigaradio.com\/index.php?rest_route=\/wp\/v2\/users\/3"}],"replies":[{"embeddable":true,"href":"https:\/\/hormigaradio.com\/index.php?rest_route=%2Fwp%2Fv2%2Fcomments&post=12230"}],"version-history":[{"count":1,"href":"https:\/\/hormigaradio.com\/index.php?rest_route=\/wp\/v2\/posts\/12230\/revisions"}],"predecessor-version":[{"id":12232,"href":"https:\/\/hormigaradio.com\/index.php?rest_route=\/wp\/v2\/posts\/12230\/revisions\/12232"}],"wp:featuredmedia":[{"embeddable":true,"href":"https:\/\/hormigaradio.com\/index.php?rest_route=\/wp\/v2\/media\/12231"}],"wp:attachment":[{"href":"https:\/\/hormigaradio.com\/index.php?rest_route=%2Fwp%2Fv2%2Fmedia&parent=12230"}],"wp:term":[{"taxonomy":"category","embeddable":true,"href":"https:\/\/hormigaradio.com\/index.php?rest_route=%2Fwp%2Fv2%2Fcategories&post=12230"},{"taxonomy":"post_tag","embeddable":true,"href":"https:\/\/hormigaradio.com\/index.php?rest_route=%2Fwp%2Fv2%2Ftags&post=12230"}],"curies":[{"name":"wp","href":"https:\/\/api.w.org\/{rel}","templated":true}]}}