{"id":12246,"date":"2021-02-12T05:17:04","date_gmt":"2021-02-12T05:17:04","guid":{"rendered":"http:\/\/hormigaradio.com\/?p=12246"},"modified":"2021-02-12T05:17:04","modified_gmt":"2021-02-12T05:17:04","slug":"abinader-republica-dominicana-respeta-acciones-y-decisiones-haitianas","status":"publish","type":"post","link":"https:\/\/hormigaradio.com\/?p=12246","title":{"rendered":"ABINADER: REP\u00daBLICA DOMINICANA \u201cRESPETA ACCIONES Y DECISIONES&#8221; HAITIANAS"},"content":{"rendered":"<p>Por\u00a0<a class=\"text-font font-700\" href=\"https:\/\/acento.com.do\/autor\/index.html?user_slug=servicios\">SERVICIOS DE ACENTO.COM.DO<\/a><\/p>\n<p>SANTO DOMINGO, Rep\u00fablica Dominicana.- El presidente Luis Abinader aludi\u00f3 a la crisis pol\u00edtica que est\u00e1 viviendo Hait\u00ed, pero se limit\u00f3 a comentar que su Gobierno \u201crespeta las acciones y decisiones que el vecino pa\u00eds tome como una naci\u00f3n soberana que es\u201d y que a \u00e9l solo le compete garantizar el cumplimiento de \u201cla responsabilidad del Gobierno y del Ej\u00e9rcito de resguardar la frontera\u201d.<\/p>\n<p>Confirm\u00f3 que debido a la situaci\u00f3n de crisis en Hait\u00ed efectivamente \u201cse ha tenido que desplazar una gran cantidad de efectivos del Ej\u00e9rcito Nacional hacia la frontera para mantener la integridad y la paz en territorio dominicano\u201d.<\/p>\n<p><strong>Marcha en Puerto Pr\u00ednci\u00e9 por la liberaci\u00f3n de encarcelados<\/strong><\/p>\n<p>Abinader aludi\u00f3 a Hait\u00ed en momentos en que en esa naci\u00f3n cientos de personas salieron este jueves a la calle de forma espont\u00e1nea en Puerto Pr\u00edncipe para exigir la liberaci\u00f3n de tres polic\u00edas que fueron detenidos junto a una veintena de personas acusadas de organizar un supuesto golpe de Estado contra el presidente, Jovenel Moise.<\/p>\n<p>La manifestaci\u00f3n fue pac\u00edfica y no se registraron enfrentamientos con la Polic\u00eda, como en d\u00edas precedentes, pero a lo largo del recorrido, en el sector de Delmas, se encontraban neum\u00e1ticos ardiendo en la v\u00eda, as\u00ed como piedras y ramas de \u00e1rboles dispuestos de forma caprichosa para impedir el paso de los veh\u00edculos.<\/p>\n<picture class=\"image\"><img loading=\"lazy\" src=\"https:\/\/acento.com.do\/media\/storage02\/uploads\/2021\/02\/e9e6bde45b7f4d8cb4d4c551b0ade9244bc5dadew-full-728x410.webp\" alt=\"\" width=\"899\" height=\"593\" \/><\/picture>\n<p>Los asistentes exig\u00edan &#8220;liberaci\u00f3n, liberaci\u00f3n, liberaci\u00f3n&#8221; para los detenidos, entre ellos los polic\u00edas H\u00e9rard Carl Steeven, agente de seguridad del magistrado de la Corte de Casaci\u00f3n Yvickel Dabr\u00e9sil, as\u00ed como de Jean y Dachelien Robenson, ambos agentes de la Direcci\u00f3n de Administraci\u00f3n Penitenciaria.<\/p>\n<p>Estos polic\u00edas forman parte del grupo de cerca de 20 personas que fueron encarceladas el pasado fin de semana acusados de preparar un golpe de Estado en Hait\u00ed.<\/p>\n<p>En la marcha, Chantal Philipe dice que es la madre de un detenido llamado Fleurant. &#8220;Mi hijo sale para ir trabajar. Todo el mundo sabe que \u00e9l trabaja con un juez, que \u00e9l hace su trabajo&#8221; y por eso fue encarcelado junto a los magistrados.<\/p>\n<p>&#8220;Exijo la liberaci\u00f3n de mi hijo. No puedo soportar mas&#8221;, dijo a Efe visiblemente alterada.<\/p>\n<p>Algunos portan fotos de algunos detenidos ante las c\u00e1maras, entre ellos una mujer que dice llamarse Blondie, que subida en una moto se para frente cada objetivo que ve para pedir la liberaci\u00f3n de &#8220;un hombre bueno&#8221; que quiere como si fuera su padre.<\/p>\n<p>Un defensor de los Derechos Humanos que se identifica como Roosevelt tambi\u00e9n pide la liberaci\u00f3n de los tres polic\u00edas detenidos as\u00ed como la ayuda del la Organizaci\u00f3n de las Naciones Unidas para que intervenga porque &#8220;no podemos seguir viviendo en esa condici\u00f3n&#8221;.<\/p>\n<p>Despu\u00e9s de esta marcha, las autoridades haitianas han puesto en libertad este jueves al magistrado de la Corte de Casaci\u00f3n Yvickel Dabr\u00e9sil, m\u00e1xima instancia judicial del pa\u00eds, y principal acusado de organizar el supuesto golpe de Estado.<\/p>\n<p>Sin embargo, el resto de detenidos contin\u00faa bajo arresto preventivo en la c\u00e1rcel de Croix-des-Bouquets, a las afueras de Puerto Pr\u00edncipe.<\/p>\n<p>La excarcelaci\u00f3n de Dabr\u00e9sil se ha producido cerca de 24 horas despu\u00e9s de que el Tribunal Civil de Croix-des-Bouquets emitiera la orden de puesta en libertad.<\/p>\n<p>Entre la veintena de detenidos el pasado fin de semana se encuentran tres primos del juez Dabr\u00e9sil, adem\u00e1s de la inspectora general de la Polic\u00eda, Marie Louise Gauthier<\/p>\n<p>Impactos: 1371<\/p>","protected":false},"excerpt":{"rendered":"<p>Por\u00a0SERVICIOS DE ACENTO.COM.DO SANTO DOMINGO, Rep\u00fablica Dominicana.- El presidente Luis Abinader aludi\u00f3 a la crisis pol\u00edtica que est\u00e1 viviendo Hait\u00ed, pero se limit\u00f3 a<\/p>\n","protected":false},"author":3,"featured_media":10586,"comment_status":"open","ping_status":"closed","sticky":false,"template":"","format":"standard","meta":[],"categories":[3],"tags":[],"_links":{"self":[{"href":"https:\/\/hormigaradio.com\/index.php?rest_route=\/wp\/v2\/posts\/12246"}],"collection":[{"href":"https:\/\/hormigaradio.com\/index.php?rest_route=\/wp\/v2\/posts"}],"about":[{"href":"https:\/\/hormigaradio.com\/index.php?rest_route=\/wp\/v2\/types\/post"}],"author":[{"embeddable":true,"href":"https:\/\/hormigaradio.com\/index.php?rest_route=\/wp\/v2\/users\/3"}],"replies":[{"embeddable":true,"href":"https:\/\/hormigaradio.com\/index.php?rest_route=%2Fwp%2Fv2%2Fcomments&post=12246"}],"version-history":[{"count":1,"href":"https:\/\/hormigaradio.com\/index.php?rest_route=\/wp\/v2\/posts\/12246\/revisions"}],"predecessor-version":[{"id":12247,"href":"https:\/\/hormigaradio.com\/index.php?rest_route=\/wp\/v2\/posts\/12246\/revisions\/12247"}],"wp:featuredmedia":[{"embeddable":true,"href":"https:\/\/hormigaradio.com\/index.php?rest_route=\/wp\/v2\/media\/10586"}],"wp:attachment":[{"href":"https:\/\/hormigaradio.com\/index.php?rest_route=%2Fwp%2Fv2%2Fmedia&parent=12246"}],"wp:term":[{"taxonomy":"category","embeddable":true,"href":"https:\/\/hormigaradio.com\/index.php?rest_route=%2Fwp%2Fv2%2Fcategories&post=12246"},{"taxonomy":"post_tag","embeddable":true,"href":"https:\/\/hormigaradio.com\/index.php?rest_route=%2Fwp%2Fv2%2Ftags&post=12246"}],"curies":[{"name":"wp","href":"https:\/\/api.w.org\/{rel}","templated":true}]}}