{"id":12267,"date":"2021-02-14T22:55:09","date_gmt":"2021-02-14T22:55:09","guid":{"rendered":"http:\/\/hormigaradio.com\/?p=12267"},"modified":"2021-02-14T22:55:09","modified_gmt":"2021-02-14T22:55:09","slug":"el-gobierno-dominicano-dira-manana-a-quien-como-y-cuadno-vacunar-contra-el-covid-19","status":"publish","type":"post","link":"https:\/\/hormigaradio.com\/?p=12267","title":{"rendered":"EL GOBIERNO DOMINICANO DIR\u00c1 MA\u00d1ANA A QUIEN, COMO Y CUADNO  VACUNAR CONTRA EL COVID  19"},"content":{"rendered":"<p><strong>H.R.<\/strong><\/p>\n<p>El presidente Luis Abinader encabezar\u00e1 este lunes el acto de lanzamiento del Plan Nacional de Vacunaci\u00f3n contra COVID-19, que se llevar\u00e1 a cabo en Rep\u00fablica Dominicana.<\/p>\n<p>El gobernante estar\u00e1 acompa\u00f1ado por la vicepresidenta de la Rep\u00fablica y coordinadora del Gabinete de Salud, Raquel Pe\u00f1a.<\/p>\n<p>En el acto, que est\u00e1 pautado para llevarse a cabo a las 10 de la ma\u00f1ana en el Sal\u00f3n Las Cari\u00e1tides, del Palacio Nacional, se ofrecer\u00e1n todos los pormenores del proceso de vacunaci\u00f3n a la ciudadan\u00eda.<\/p>\n<p>Este Plan Nacional de Vacunaci\u00f3n se enmarca dentro de las pol\u00edticas de salud y las medidas que toma esta administraci\u00f3n para frenar el contagio de COVID-19 en nuestro pa\u00eds y que se ejecutan a trav\u00e9s del pleno del Gabinete de Salud designado por el Gobierno.<\/p>\n<p>Impactos: 90<\/p>","protected":false},"excerpt":{"rendered":"<p>H.R. El presidente Luis Abinader encabezar\u00e1 este lunes el acto de lanzamiento del Plan Nacional de Vacunaci\u00f3n contra COVID-19, que se llevar\u00e1 a cabo<\/p>\n","protected":false},"author":3,"featured_media":12219,"comment_status":"open","ping_status":"closed","sticky":false,"template":"","format":"standard","meta":[],"categories":[3],"tags":[],"_links":{"self":[{"href":"https:\/\/hormigaradio.com\/index.php?rest_route=\/wp\/v2\/posts\/12267"}],"collection":[{"href":"https:\/\/hormigaradio.com\/index.php?rest_route=\/wp\/v2\/posts"}],"about":[{"href":"https:\/\/hormigaradio.com\/index.php?rest_route=\/wp\/v2\/types\/post"}],"author":[{"embeddable":true,"href":"https:\/\/hormigaradio.com\/index.php?rest_route=\/wp\/v2\/users\/3"}],"replies":[{"embeddable":true,"href":"https:\/\/hormigaradio.com\/index.php?rest_route=%2Fwp%2Fv2%2Fcomments&post=12267"}],"version-history":[{"count":1,"href":"https:\/\/hormigaradio.com\/index.php?rest_route=\/wp\/v2\/posts\/12267\/revisions"}],"predecessor-version":[{"id":12268,"href":"https:\/\/hormigaradio.com\/index.php?rest_route=\/wp\/v2\/posts\/12267\/revisions\/12268"}],"wp:featuredmedia":[{"embeddable":true,"href":"https:\/\/hormigaradio.com\/index.php?rest_route=\/wp\/v2\/media\/12219"}],"wp:attachment":[{"href":"https:\/\/hormigaradio.com\/index.php?rest_route=%2Fwp%2Fv2%2Fmedia&parent=12267"}],"wp:term":[{"taxonomy":"category","embeddable":true,"href":"https:\/\/hormigaradio.com\/index.php?rest_route=%2Fwp%2Fv2%2Fcategories&post=12267"},{"taxonomy":"post_tag","embeddable":true,"href":"https:\/\/hormigaradio.com\/index.php?rest_route=%2Fwp%2Fv2%2Ftags&post=12267"}],"curies":[{"name":"wp","href":"https:\/\/api.w.org\/{rel}","templated":true}]}}