{"id":12285,"date":"2021-02-15T22:43:56","date_gmt":"2021-02-15T22:43:56","guid":{"rendered":"http:\/\/hormigaradio.com\/?p=12285"},"modified":"2021-02-16T10:29:03","modified_gmt":"2021-02-16T10:29:03","slug":"jhonny-pacheco-considera-que-ya-es-muy-tarde-para-el-soberano-entrevista-2007","status":"publish","type":"post","link":"https:\/\/hormigaradio.com\/?p=12285","title":{"rendered":"JHONNY PACHECO, CONSIDERA  QUE YA ES MUY TARDE PARA EL SOBERANO (entrevista 2007)"},"content":{"rendered":"<p>M\u00e1ximo Laureano\/Clave Digital, abril 2007<\/p>\n<figure id=\"attachment_12276\" aria-describedby=\"caption-attachment-12276\" style=\"width: 178px\" class=\"wp-caption alignleft\"><a href=\"http:\/\/hormigaradio.com\/?attachment_id=12276\" rel=\"attachment wp-att-12276\"><img loading=\"lazy\" class=\"wp-image-12276 size-medium\" src=\"http:\/\/hormigaradio.com\/wp-content\/uploads\/2021\/02\/WhatsApp-Image-2021-02-15-at-5.30.39-PM-178x300.jpeg\" alt=\"\" width=\"178\" height=\"300\" srcset=\"https:\/\/hormigaradio.com\/wp-content\/uploads\/2021\/02\/WhatsApp-Image-2021-02-15-at-5.30.39-PM-178x300.jpeg 178w, https:\/\/hormigaradio.com\/wp-content\/uploads\/2021\/02\/WhatsApp-Image-2021-02-15-at-5.30.39-PM.jpeg 506w\" sizes=\"(max-width: 178px) 100vw, 178px\" \/><\/a><figcaption id=\"caption-attachment-12276\" class=\"wp-caption-text\"><em><strong>Jhonny Pacheco. foto ML.<\/strong><\/em><\/figcaption><\/figure>\n<p>SANTIAGO.-El m\u00fasico santiaguero propulsor de la salsa y otros g\u00e9neros tropicales, considera que ya es muy\u00a0 tarde, para que lo premien con El Soberano que otorga la Asociaci\u00f3n de Cronistas de Arte (Acroarte), aunque aclara que esperar\u00e1\u00a0 a ver que pasa en el futuro.<\/p>\n<p>El gran m\u00fasico oriundo de Los Pepines en esta ciudad, dijo tambi\u00e9n en una entrevista para Clave Digital, que el reggeat\u00f3n no tiene que ver nada con la salsa.<\/p>\n<p>Tras asegurar\u00a0 que la salsa es el g\u00e9nero musical m\u00e1s escuchado en el mundo, valor\u00f3 como un buen aporte a este ritmo por parte de los grupos dominicanos, donde se\u00f1al\u00f3 hay muy buenos cantantes.<\/p>\n<p>El legendario\u00a0 Jhonny Pacheco,\u00a0 quien fue declarado en Santiago,\u00a0 Gloria Nacional de la M\u00fasica, por la Secretar\u00eda\u00a0 de Estado de Cultura, \u00a0galard\u00f3n que se otorga por primera vez en el pa\u00eds,\u00a0 consider\u00f3 que la salsa y el son, representan un matrimonio.<\/p>\n<p><strong>\u00bfConsidera que el reggeat\u00f3n es una evoluci\u00f3n de la salsa?<\/strong><\/p>\n<p>No,\u00a0 no tiene que ver nada con la salsa porque los ritmos son completamente distintos.<\/p>\n<p><strong>\u00bfQu\u00e9 salseros de la actualidad\u00a0 le gustan ?<\/strong><\/p>\n<p>Todav\u00eda queda uno de los buenos soneros, que es Oscar De Le\u00f3n,\u00a0 est\u00e1 Gilberto Santarosa, pero el m\u00edo era Pete Conde Rodr\u00edguez.<\/p>\n<p><strong>\u00bfQu\u00e9 recuerda de la Fania?<\/strong><\/p>\n<p><strong>\u00a0<\/strong>Recuerdo \u00a0muchos momentos gratos, conciertos inolvidables y todav\u00eda sigue caminado.<\/p>\n<p>Al ser cuestionado sobre si ten\u00eda alg\u00fan recuerdo negativo de la Fania, el m\u00fasico santiaguero, brome\u00f3 diciendo que los \u00fanicos negativos en su trayectoria art\u00edstica son los de las fotograf\u00edas, pero que en relaci\u00f3n a la\u00a0 Fania, no ten\u00eda absolutamente nada desagradable y agreg\u00f3 que todav\u00eda est\u00e1n haciendo concierto.<\/p>\n<p><strong>\u00bfQu\u00e9 opini\u00f3n le merece el hecho de que su nombre haya sonado varias veces para recibir el Soberano en las premiaciones del Casandra?<\/strong><\/p>\n<p>No se que hacer porque se lo ofrecieron a Julio Iglesia, no se si lo van a recibir Julio o me lo quieran dar a mi, pero ya es muy tarde, vamos a ver que pasa en el futuro, aunque ya yo recib\u00ed un Casandra Internacional.<\/p>\n<p><strong>\u00bfCu\u00e1l es el tema suyo con el que m\u00e1s se identifica?<\/strong><\/p>\n<p>La Acuyuy\u00e9.<\/p>\n<p><strong>\u00a0<\/strong><strong>\u00bfC\u00f3mo cataloga los nuevos aportes de la salsa de parte de los dominicanos?<\/strong><\/p>\n<p><strong>\u00a0<\/strong>Aqu\u00ed no solo hay buenas orquestas, sino que hay buenos cantantes y buenos soneros.<\/p>\n<p><strong>\u00bfConsidera que la salsa es el g\u00e9nero m\u00e1s\u00a0 escuchado en el mundo?<\/strong><\/p>\n<p>Seguro, porque est\u00e1 en el mundo entero, especialmente est\u00e1 m\u00e1s fuerte porque la est\u00e1n bailando, yo estuve en Jap\u00f3n y los japon\u00e9s est\u00e1n bailando de una manera incre\u00edble la salsa. Es donde quiera Alemania, Holanda\u2026<\/p>\n<p><strong>\u00bfQu\u00e9 opina de que su adhesi\u00f3n por la salsa frente al merengue fuera cuestionada?<\/strong><\/p>\n<p><strong>\u00a0<\/strong>La salsa yo la hago porque nac\u00ed con ella, pero yo siempre fui merenguero, en principio yo tocaba acorde\u00f3n, siempre que yo grabo un disco pongo un merengue y el \u00faltimo CD que hice que se llama \u201cEntre Amigos\u201d, que lo canta Jhonny Ventura.<\/p>\n<p><strong>Homenaje.<\/strong><\/p>\n<p>Dentro del Programa del \u201cII Congreso de\u00a0Internacional M\u00fasica, Identidad y Cultura en el Caribe\u201d (Congreso MIC) que\u00a0 tuvo como sede el Centro Cultural Eduardo Le\u00f3n en esta ciudad, se homenaje\u00f3 al gran Jhonny Pacheco, declarado Glor\u00eda Nacional de la M\u00fasica.El tributo al creador de la salsa y propulsor de otros ritmos estuvo motivado por el concierto\u00a0 \u201cCaribe: Son &amp; Salsa\u201d, montado el pasado s\u00e1bado en el los jardines del Gran Teatro Regional del Cibao, donde adem\u00e1s se tributaron a otras grandes estrellas del m\u00fasica latina, como\u00a0 Celia Cruz, H\u00e9ctor Lavoe,\u00a0 Maelo Rivera, \u00a0Miguel Matamoros, Los Compadres,\u00a0 entre otras.<\/p>\n<p>Estas voces estuvieron representadas por los destacados int\u00e9rpretes, V\u00edctor V\u00edctor,\u00a0 Sonia Silvestre, Henrry Garc\u00eda, Ileana Reynoso,\u00a0 Bartolito y Cuco Valoy, una de las orquestas en escenas cont\u00f3 la participaci\u00f3n del m\u00fasico cubano Pancho Amat, considerado el mejor tresero del\u00a0 mundo.<\/p>\n<p>Los destacados m\u00fasicos Chucho Vald\u00e9s\u00a0 y Jhonny Pacheco, tambi\u00e9n deleitaron al p\u00fablico santiaguero y toda parte del pa\u00eds con magistrales piezas en el piano y la flauta.<\/p>\n<p>Impactos: 86<\/p>","protected":false},"excerpt":{"rendered":"<p>M\u00e1ximo Laureano\/Clave Digital, abril 2007 SANTIAGO.-El m\u00fasico santiaguero propulsor de la salsa y otros g\u00e9neros tropicales, considera que ya es muy\u00a0 tarde, para que<\/p>\n","protected":false},"author":3,"featured_media":12287,"comment_status":"open","ping_status":"closed","sticky":false,"template":"","format":"standard","meta":[],"categories":[4],"tags":[],"_links":{"self":[{"href":"https:\/\/hormigaradio.com\/index.php?rest_route=\/wp\/v2\/posts\/12285"}],"collection":[{"href":"https:\/\/hormigaradio.com\/index.php?rest_route=\/wp\/v2\/posts"}],"about":[{"href":"https:\/\/hormigaradio.com\/index.php?rest_route=\/wp\/v2\/types\/post"}],"author":[{"embeddable":true,"href":"https:\/\/hormigaradio.com\/index.php?rest_route=\/wp\/v2\/users\/3"}],"replies":[{"embeddable":true,"href":"https:\/\/hormigaradio.com\/index.php?rest_route=%2Fwp%2Fv2%2Fcomments&post=12285"}],"version-history":[{"count":4,"href":"https:\/\/hormigaradio.com\/index.php?rest_route=\/wp\/v2\/posts\/12285\/revisions"}],"predecessor-version":[{"id":12294,"href":"https:\/\/hormigaradio.com\/index.php?rest_route=\/wp\/v2\/posts\/12285\/revisions\/12294"}],"wp:featuredmedia":[{"embeddable":true,"href":"https:\/\/hormigaradio.com\/index.php?rest_route=\/wp\/v2\/media\/12287"}],"wp:attachment":[{"href":"https:\/\/hormigaradio.com\/index.php?rest_route=%2Fwp%2Fv2%2Fmedia&parent=12285"}],"wp:term":[{"taxonomy":"category","embeddable":true,"href":"https:\/\/hormigaradio.com\/index.php?rest_route=%2Fwp%2Fv2%2Fcategories&post=12285"},{"taxonomy":"post_tag","embeddable":true,"href":"https:\/\/hormigaradio.com\/index.php?rest_route=%2Fwp%2Fv2%2Ftags&post=12285"}],"curies":[{"name":"wp","href":"https:\/\/api.w.org\/{rel}","templated":true}]}}