{"id":12291,"date":"2021-02-15T23:39:35","date_gmt":"2021-02-15T23:39:35","guid":{"rendered":"http:\/\/hormigaradio.com\/?p=12291"},"modified":"2021-02-16T12:18:28","modified_gmt":"2021-02-16T12:18:28","slug":"peledeistas-en-santiago-optimistas-con-votaciones-internas","status":"publish","type":"post","link":"https:\/\/hormigaradio.com\/?p=12291","title":{"rendered":"PELEDE\u00cdSTAS EN SANTIAGO OPTIMISTAS CON VOTACIONES INTERNAS"},"content":{"rendered":"<p>Por\u00a0<a class=\"text-font font-700\" href=\"https:\/\/acento.com.do\/autor\/index.html?user_slug=mlaureano\">M\u00c1XIMO LAUREANO<\/a><\/p>\n<p>SANTIAGO DE LOS CABALLEROS, Rep\u00fablica Dominicana.- Dirigentes del Partido de la Liberaci\u00f3n Dominicana (PLD) en la provincia de Santiago afirman que el congreso que desarrolla esta organizaci\u00f3n pol\u00edtica es &#8220;la puerta al relanzamiento y la renovaci\u00f3n&#8221;.<\/p>\n<p>Al ser consultados por el equipo de\u00a0<a href=\"http:\/\/acento.com.do\/\" data-saferedirecturl=\"https:\/\/www.google.com\/url?q=http:\/\/acento.com.do\/&amp;source=gmail&amp;ust=1613422731636000&amp;usg=AFQjCNHzf2rXx_rTLe1KG5FQmxLp1HbQaw\">acento.com.do<\/a>, los pelede\u00edstas se mostraron optimistas del proceso con el cual esperan se retomen los trabajos de cada una de las estructuras.<\/p>\n<picture class=\"image\"><img loading=\"lazy\" src=\"https:\/\/acento.com.do\/media\/storage02\/uploads\/2021\/02\/dsc_0019-full-728x410.webp\" alt=\"\" width=\"463\" height=\"310\" \/><\/picture>\n<p>Los morados en Santiago evaluaron como &#8220;masiva&#8221; la participaci\u00f3n de los presidentes de comit\u00e9 de base en las votaciones internas de este domingo para elegir los nuevos miembros del Comit\u00e9 Central.<\/p>\n<p><iframe loading=\"lazy\" src=\"https:\/\/player.vimeo.com\/video\/512288127?color=ef0000\" width=\"640\" height=\"359\" frameborder=\"0\" allowfullscreen=\"allowfullscreen\" data-mce-fragment=\"1\"><\/iframe><\/p>\n<p>\u201cUn proceso democr\u00e1tico, abierto, transparente; ha habido en algunos centros una votaci\u00f3n masiva de los compa\u00f1eros y al final esperamos que cierre este proceso de manera favorable para nuestro partido\u201d, afirm\u00f3 la exgobernadora de Santiago Ana Mar\u00eda Dom\u00ednguez Hern\u00e1ndez, quien\u00a0 aspira\u00a0 a llegar al Comit\u00e9 Central.<\/p>\n<picture class=\"image\"><img loading=\"lazy\" src=\"https:\/\/acento.com.do\/media\/storage02\/uploads\/2021\/02\/dsc_0010-full-728x410.webp\" alt=\"\" width=\"478\" height=\"320\" \/><\/picture>\n<p>\u201cEs un entusiasmo que hay, es una actividad din\u00e1mica, los compa\u00f1eros est\u00e1n participando, entendemos que es una renovaci\u00f3n que se est\u00e1 produciendo dentro del partido y lo m\u00e1s importantes es que vamos a salir fortalecidos de este proceso\u201d, afirm\u00f3 Jonael Fern\u00e1ndez.<\/p>\n<p>El dirigente y candidato Radham\u00e9s Espinal \u201cSas\u00e1\u201d dijo a su vez que, &#8220;a pesar de la reciente derrota electoral, el partido se renovar\u00e1 y pelear\u00e1 el espacio perdido en el pueblo dominicano&#8221;.<\/p>\n<p><strong>Con \u201cel dame lo m\u00edo\u201d incluido<\/strong><\/p>\n<picture class=\"image\"><img loading=\"lazy\" src=\"https:\/\/acento.com.do\/media\/storage02\/uploads\/2021\/02\/dsc_0013-full-728x410.webp\" alt=\"\" width=\"478\" height=\"320\" \/><\/picture>\n<p>Aunque no se trat\u00f3 de un proceso de elecciones abiertas a la poblaci\u00f3n, sino de unas votaciones internas del PLD, los ofrecimientos para que se votara por uno u otro candidato fueron notorios. Se pudo ver que candiatos ten\u00edan lobistas en los centros de votaciones, con tarjetas y algunos pesos para motivar la elecci\u00f3n a su favor.<\/p>\n<p>En centros de votaciones como la zona sur de Santiago, de la zona tres, se pudo ver un gran movimiento de personas en las entradas de los recintos que motivaban a los votantes a favorecer a los suyos.<\/p>\n<p>Impactos: 1140<\/p>","protected":false},"excerpt":{"rendered":"<p>Por\u00a0M\u00c1XIMO LAUREANO SANTIAGO DE LOS CABALLEROS, Rep\u00fablica Dominicana.- Dirigentes del Partido de la Liberaci\u00f3n Dominicana (PLD) en la provincia de Santiago afirman que el<\/p>\n","protected":false},"author":3,"featured_media":12296,"comment_status":"open","ping_status":"closed","sticky":false,"template":"","format":"standard","meta":[],"categories":[6],"tags":[],"_links":{"self":[{"href":"https:\/\/hormigaradio.com\/index.php?rest_route=\/wp\/v2\/posts\/12291"}],"collection":[{"href":"https:\/\/hormigaradio.com\/index.php?rest_route=\/wp\/v2\/posts"}],"about":[{"href":"https:\/\/hormigaradio.com\/index.php?rest_route=\/wp\/v2\/types\/post"}],"author":[{"embeddable":true,"href":"https:\/\/hormigaradio.com\/index.php?rest_route=\/wp\/v2\/users\/3"}],"replies":[{"embeddable":true,"href":"https:\/\/hormigaradio.com\/index.php?rest_route=%2Fwp%2Fv2%2Fcomments&post=12291"}],"version-history":[{"count":1,"href":"https:\/\/hormigaradio.com\/index.php?rest_route=\/wp\/v2\/posts\/12291\/revisions"}],"predecessor-version":[{"id":12292,"href":"https:\/\/hormigaradio.com\/index.php?rest_route=\/wp\/v2\/posts\/12291\/revisions\/12292"}],"wp:featuredmedia":[{"embeddable":true,"href":"https:\/\/hormigaradio.com\/index.php?rest_route=\/wp\/v2\/media\/12296"}],"wp:attachment":[{"href":"https:\/\/hormigaradio.com\/index.php?rest_route=%2Fwp%2Fv2%2Fmedia&parent=12291"}],"wp:term":[{"taxonomy":"category","embeddable":true,"href":"https:\/\/hormigaradio.com\/index.php?rest_route=%2Fwp%2Fv2%2Fcategories&post=12291"},{"taxonomy":"post_tag","embeddable":true,"href":"https:\/\/hormigaradio.com\/index.php?rest_route=%2Fwp%2Fv2%2Ftags&post=12291"}],"curies":[{"name":"wp","href":"https:\/\/api.w.org\/{rel}","templated":true}]}}