{"id":12297,"date":"2021-02-17T22:06:28","date_gmt":"2021-02-17T22:06:28","guid":{"rendered":"http:\/\/hormigaradio.com\/?p=12297"},"modified":"2021-02-17T22:34:56","modified_gmt":"2021-02-17T22:34:56","slug":"muere-padre-del-periodista-esteba-rosario-en-santiago","status":"publish","type":"post","link":"https:\/\/hormigaradio.com\/?p=12297","title":{"rendered":"MUERE PADRE DEL PERIODISTA ESTEBA ROSARIO EN SANTIAGO"},"content":{"rendered":"<p><strong>H.R.<\/strong><\/p>\n<p>Falleci\u00f3\u00a0 la ma\u00f1ana de ese mi\u00e9rcoles en Santiago de los Caballeros,\u00a0 Antonio Rosario,\u00a0 padre del\u00a0 periodista y escritor, Antonio (Esteban)\u00a0 Rosario, productor y presentador del programa &#8220;Detr\u00e1s de la noticia&#8221;, que se difunde por\u00a0 televisi\u00f3n y las redes sociales.<\/p>\n<p>Seg\u00fan informaciones,\u00a0 Rosario padre,\u00a0 de 92 a\u00f1os,\u00a0 falleci\u00f3 tras ser afectado\u00a0 por problemas card\u00edacos.<\/p>\n<p>Sus familiares han informado que los restos de\u00a0 Antonio Rosario, ser\u00e1n\u00a0 expuestos en la funeraria\u00a0 Savica, en Santiago, la ma\u00f1ana de este jueves 18 de febrero del 2021.<\/p>\n<p>&#8220;Mi h\u00e9roe, mi l\u00edder y mi padre, Antonio Rosario, ha muerto. Estoy triste. Cumplir\u00eda 92 a\u00f1os el pr\u00f3ximo 26. Paz a su Alma&#8221;,\u00a0 escribi\u00f3 el periodista Esteban\u00a0 Rosario, en su cuenta de Facebook, tras la muerte de su padre.<\/p>\n<p>Cientos de personas han menifestado\u00a0 enla redes sociales su solidaridad con el periodista Esteba Rosari y a su familia.<\/p>\n<p>&nbsp;<\/p>\n<p>Impactos: 103<\/p>","protected":false},"excerpt":{"rendered":"<p>H.R. Falleci\u00f3\u00a0 la ma\u00f1ana de ese mi\u00e9rcoles en Santiago de los Caballeros,\u00a0 Antonio Rosario,\u00a0 padre del\u00a0 periodista y escritor, Antonio (Esteban)\u00a0 Rosario, productor y<\/p>\n","protected":false},"author":3,"featured_media":12298,"comment_status":"open","ping_status":"closed","sticky":false,"template":"","format":"standard","meta":[],"categories":[3],"tags":[],"_links":{"self":[{"href":"https:\/\/hormigaradio.com\/index.php?rest_route=\/wp\/v2\/posts\/12297"}],"collection":[{"href":"https:\/\/hormigaradio.com\/index.php?rest_route=\/wp\/v2\/posts"}],"about":[{"href":"https:\/\/hormigaradio.com\/index.php?rest_route=\/wp\/v2\/types\/post"}],"author":[{"embeddable":true,"href":"https:\/\/hormigaradio.com\/index.php?rest_route=\/wp\/v2\/users\/3"}],"replies":[{"embeddable":true,"href":"https:\/\/hormigaradio.com\/index.php?rest_route=%2Fwp%2Fv2%2Fcomments&post=12297"}],"version-history":[{"count":4,"href":"https:\/\/hormigaradio.com\/index.php?rest_route=\/wp\/v2\/posts\/12297\/revisions"}],"predecessor-version":[{"id":12302,"href":"https:\/\/hormigaradio.com\/index.php?rest_route=\/wp\/v2\/posts\/12297\/revisions\/12302"}],"wp:featuredmedia":[{"embeddable":true,"href":"https:\/\/hormigaradio.com\/index.php?rest_route=\/wp\/v2\/media\/12298"}],"wp:attachment":[{"href":"https:\/\/hormigaradio.com\/index.php?rest_route=%2Fwp%2Fv2%2Fmedia&parent=12297"}],"wp:term":[{"taxonomy":"category","embeddable":true,"href":"https:\/\/hormigaradio.com\/index.php?rest_route=%2Fwp%2Fv2%2Fcategories&post=12297"},{"taxonomy":"post_tag","embeddable":true,"href":"https:\/\/hormigaradio.com\/index.php?rest_route=%2Fwp%2Fv2%2Ftags&post=12297"}],"curies":[{"name":"wp","href":"https:\/\/api.w.org\/{rel}","templated":true}]}}