{"id":12303,"date":"2021-02-18T01:42:00","date_gmt":"2021-02-18T01:42:00","guid":{"rendered":"http:\/\/hormigaradio.com\/?p=12303"},"modified":"2021-02-18T01:49:16","modified_gmt":"2021-02-18T01:49:16","slug":"evergo-inaugura-estacion-de-carga-en-la-casa-del-conductor","status":"publish","type":"post","link":"https:\/\/hormigaradio.com\/?p=12303","title":{"rendered":"EVERGO INAUGURA ESTACI\u00d3N DE CARGA EN LA CASA DEL CONDUCTOR"},"content":{"rendered":"<p>Por\u00a0<a class=\"text-font font-700\" href=\"https:\/\/acento.com.do\/autor\/index.html?user_slug=servicios\">SERVICIOS DE ACENTO.COM.DO<\/a><\/p>\n<p>SANTO DOMINGO, Rep\u00fablica Dominicana.- La Casa del Conductor se integra a la promoci\u00f3n de la movilidad el\u00e9ctrica con la instalaci\u00f3n de una nueva estaci\u00f3n de carga, nivel 2, de la marca\u00a0 Evergo, a trav\u00e9s de un acuerdo con la empresa InterEnergy System.<\/p>\n<p>De esta manera se convierte en la primera dependencia para servicios en casos de accidentes de tr\u00e1nsito en dar el paso hacia la nueva tendencia de veh\u00edculos el\u00e9ctricos y atenci\u00f3n al cuidado del medio ambiente y la sostenibilidad.<\/p>\n<p><img src=\"https:\/\/acento.com.do\/media\/storage02\/uploads\/2021\/02\/roberto-herrera-lucile-houellemont-y-sebastian-millan-728x410.webp\" data-desktop=\"https:\/\/acento.com.do\/media\/storage02\/uploads\/2021\/02\/roberto-herrera-lucile-houellemont-y-sebastian-millan-728x410.webp\" data-mobile=\"https:\/\/acento.com.do\/media\/storage02\/uploads\/2021\/02\/roberto-herrera-lucile-houellemont-y-sebastian-millan-400x225.webp\" \/><\/p>\n<p>InterEnergy Systems, divisi\u00f3n que opera Evergo,\u00a0 despliega la red de estaciones de carga para veh\u00edculos el\u00e9ctricos m\u00e1s amplia y sofisticada el pa\u00eds, con m\u00e1s de 200 estaciones actualmente instaladas, o en proceso de instalaci\u00f3n en los cuatro puntos cardinales del pa\u00eds, contribuyendo acelerando un futuro m\u00e1s sostenible para la \u00a0 Rep\u00fablica Dominicana<\/p>\n<p>\u201cLa Casa del Conductor inaugura esta estaci\u00f3n de carga como parte de su compromiso con todos los conductores dominicanos, para brindar todas las soluciones relacionadas a su veh\u00edculo\u201d, expres\u00f3 Sebastian Mill\u00e1n, gerente de La Casa de Conductor.<\/p>\n<p>Parte de la filosof\u00eda de la Casa del Conductor es ofrecer una experiencia de atenci\u00f3n eficiente y segura para sus clientes cuando estos pasan por el dif\u00edcil momento de haber tenido un accidente de tr\u00e1nsito, declar\u00f3 Millan.<\/p>\n<p>En La Casa del Conductor, los accidentados encuentran, bajo un solo techo, todos los servicios necesarios para reportar su accidente, dilucidar el caso ante las autoridades y la justicia, as\u00ed como gestionar las coberturas de seguros. Con este cargador el\u00e9ctrico se suman a una nueva cultura que busca promover el consumo responsable y la protecci\u00f3n al medio ambiente entre los conductores del pa\u00eds.<\/p>\n<p>Impactos: 84<\/p>","protected":false},"excerpt":{"rendered":"<p>Por\u00a0SERVICIOS DE ACENTO.COM.DO SANTO DOMINGO, Rep\u00fablica Dominicana.- La Casa del Conductor se integra a la promoci\u00f3n de la movilidad el\u00e9ctrica con la instalaci\u00f3n de<\/p>\n","protected":false},"author":3,"featured_media":12305,"comment_status":"open","ping_status":"closed","sticky":false,"template":"","format":"standard","meta":[],"categories":[3],"tags":[],"_links":{"self":[{"href":"https:\/\/hormigaradio.com\/index.php?rest_route=\/wp\/v2\/posts\/12303"}],"collection":[{"href":"https:\/\/hormigaradio.com\/index.php?rest_route=\/wp\/v2\/posts"}],"about":[{"href":"https:\/\/hormigaradio.com\/index.php?rest_route=\/wp\/v2\/types\/post"}],"author":[{"embeddable":true,"href":"https:\/\/hormigaradio.com\/index.php?rest_route=\/wp\/v2\/users\/3"}],"replies":[{"embeddable":true,"href":"https:\/\/hormigaradio.com\/index.php?rest_route=%2Fwp%2Fv2%2Fcomments&post=12303"}],"version-history":[{"count":1,"href":"https:\/\/hormigaradio.com\/index.php?rest_route=\/wp\/v2\/posts\/12303\/revisions"}],"predecessor-version":[{"id":12304,"href":"https:\/\/hormigaradio.com\/index.php?rest_route=\/wp\/v2\/posts\/12303\/revisions\/12304"}],"wp:featuredmedia":[{"embeddable":true,"href":"https:\/\/hormigaradio.com\/index.php?rest_route=\/wp\/v2\/media\/12305"}],"wp:attachment":[{"href":"https:\/\/hormigaradio.com\/index.php?rest_route=%2Fwp%2Fv2%2Fmedia&parent=12303"}],"wp:term":[{"taxonomy":"category","embeddable":true,"href":"https:\/\/hormigaradio.com\/index.php?rest_route=%2Fwp%2Fv2%2Fcategories&post=12303"},{"taxonomy":"post_tag","embeddable":true,"href":"https:\/\/hormigaradio.com\/index.php?rest_route=%2Fwp%2Fv2%2Ftags&post=12303"}],"curies":[{"name":"wp","href":"https:\/\/api.w.org\/{rel}","templated":true}]}}