{"id":12311,"date":"2021-02-18T03:36:33","date_gmt":"2021-02-18T03:36:33","guid":{"rendered":"http:\/\/hormigaradio.com\/?p=12311"},"modified":"2021-02-18T03:36:33","modified_gmt":"2021-02-18T03:36:33","slug":"cooperativa-san-jose-presento-una-campana-institucional-apoyada-en-la-honestidad-de-su-gente","status":"publish","type":"post","link":"https:\/\/hormigaradio.com\/?p=12311","title":{"rendered":"COOPERATIVA SAN JOS\u00c9 PRESENT\u00d3 UNA CAMPA\u00d1A INSTITUCIONAL APOYADA EN LA HONESTIDAD DE SU GENTE"},"content":{"rendered":"<div>Firma invitada\/H.R.<\/div>\n<div><\/div>\n<div>La eminente siembra social y econ\u00f3mica de la Cooperativa San Jos\u00e9, basada en buenas pr\u00e1cticas desde la econom\u00eda solidaria, es proyectada en la campa\u00f1a publicitaria inspirada en el 70 aniversario de la instituci\u00f3n.<\/div>\n<div>La campa\u00f1a \u2013presentada en San Jos\u00e9 de las Matas- prioriza a la gente, el valor m\u00e1s preciado para la Cooperativa San Jos\u00e9. Adem\u00e1s, tiene como lema \u00a870 a\u00f1os transformando vidas\u00a8, inform\u00f3 Adalberto Rodr\u00edguez, presidente de Targer Promotion, responsable de la estrategia comunicacional.<\/div>\n<div>\n<figure id=\"attachment_12313\" aria-describedby=\"caption-attachment-12313\" style=\"width: 715px\" class=\"wp-caption alignleft\"><a href=\"http:\/\/hormigaradio.com\/?attachment_id=12313\" rel=\"attachment wp-att-12313\"><img loading=\"lazy\" class=\"wp-image-12313 size-large\" src=\"http:\/\/hormigaradio.com\/wp-content\/uploads\/2021\/02\/Coop.-San-Jos\u00e9-01-1024x683.jpg\" alt=\"\" width=\"715\" height=\"477\" srcset=\"https:\/\/hormigaradio.com\/wp-content\/uploads\/2021\/02\/Coop.-San-Jos\u00e9-01-1024x683.jpg 1024w, https:\/\/hormigaradio.com\/wp-content\/uploads\/2021\/02\/Coop.-San-Jos\u00e9-01-300x200.jpg 300w, https:\/\/hormigaradio.com\/wp-content\/uploads\/2021\/02\/Coop.-San-Jos\u00e9-01-768x512.jpg 768w\" sizes=\"(max-width: 715px) 100vw, 715px\" \/><\/a><figcaption id=\"caption-attachment-12313\" class=\"wp-caption-text\"><em><strong>Yolanda Mercedes Espinal, Huascar Medrano, Anyelina Cruz y Melvin Rodr\u00edguez.<\/strong><\/em><\/figcaption><\/figure>\n<\/div>\n<div>La fe en su nueva generaci\u00f3n de l\u00edderes, la contribuci\u00f3n econ\u00f3mica a la regi\u00f3n y al pa\u00eds, as\u00ed como el manejo responsable desde el consejo de administraci\u00f3n y los colaboradores frente a los m\u00e1s de 150 mil asociados, es parte de los mensajes que inspiraron la campa\u00f1a publicitaria. La estrategia tambi\u00e9n enfoca la reputaci\u00f3n y credibilidad de la cooperativa, que a su vez conf\u00eda en la experiencia y honradez de su nuevo liderazgo.<\/div>\n<div>En el acto, el presidente de la instituci\u00f3n, Jos\u00e9 Abelardo Est\u00e9vez, inform\u00f3 que la cooperativa transita un proceso de expansi\u00f3n y a la fecha cuenta con 16 oficinas ubicadas en San Jos\u00e9 de las Matas, Santiago, El Rubio, J\u00e1nico, Moca, Sabana Iglesia y el Gran Santo Domingo. Adem\u00e1s, ponen a disposici\u00f3n de sus m\u00e1s de 150 mil asociados, 27 tipos de servicios para estimular el ahorro y la inversi\u00f3n.<\/div>\n<div>Luego, el gerente general, Juan Carlos J\u00e1quez, inform\u00f3 que Cooperativa San Jos\u00e9 ha colocado recursos en los sectores: agropecuaria, vivienda, transporte, comercio, consumo, microcr\u00e9dito y otros, por la suma de $10,571 millones de pesos, en la ceremonia donde asistieron personalidades de todo el pa\u00eds.<\/div>\n<div>&#8220;Abanderada de la \u00e9tica, la transparencia y la disciplina, la instituci\u00f3n que sustenta el desarrollo de la regi\u00f3n, cumple siete d\u00e9cadas respaldando a sectores comunidades emprendedoras de todo el pa\u00eds&#8221;, expres\u00f3 Juan Carlos J\u00e1quez. La entidad ocupa el lugar 82 de las cooperativas de Am\u00e9rica Latina y la mejor valorada en Rep\u00fablica Dominicana.<\/div>\n<p>Impactos: 283<\/p>","protected":false},"excerpt":{"rendered":"<p>Firma invitada\/H.R. La eminente siembra social y econ\u00f3mica de la Cooperativa San Jos\u00e9, basada en buenas pr\u00e1cticas desde la econom\u00eda solidaria, es proyectada en<\/p>\n","protected":false},"author":3,"featured_media":12312,"comment_status":"open","ping_status":"closed","sticky":false,"template":"","format":"standard","meta":[],"categories":[3],"tags":[],"_links":{"self":[{"href":"https:\/\/hormigaradio.com\/index.php?rest_route=\/wp\/v2\/posts\/12311"}],"collection":[{"href":"https:\/\/hormigaradio.com\/index.php?rest_route=\/wp\/v2\/posts"}],"about":[{"href":"https:\/\/hormigaradio.com\/index.php?rest_route=\/wp\/v2\/types\/post"}],"author":[{"embeddable":true,"href":"https:\/\/hormigaradio.com\/index.php?rest_route=\/wp\/v2\/users\/3"}],"replies":[{"embeddable":true,"href":"https:\/\/hormigaradio.com\/index.php?rest_route=%2Fwp%2Fv2%2Fcomments&post=12311"}],"version-history":[{"count":1,"href":"https:\/\/hormigaradio.com\/index.php?rest_route=\/wp\/v2\/posts\/12311\/revisions"}],"predecessor-version":[{"id":12314,"href":"https:\/\/hormigaradio.com\/index.php?rest_route=\/wp\/v2\/posts\/12311\/revisions\/12314"}],"wp:featuredmedia":[{"embeddable":true,"href":"https:\/\/hormigaradio.com\/index.php?rest_route=\/wp\/v2\/media\/12312"}],"wp:attachment":[{"href":"https:\/\/hormigaradio.com\/index.php?rest_route=%2Fwp%2Fv2%2Fmedia&parent=12311"}],"wp:term":[{"taxonomy":"category","embeddable":true,"href":"https:\/\/hormigaradio.com\/index.php?rest_route=%2Fwp%2Fv2%2Fcategories&post=12311"},{"taxonomy":"post_tag","embeddable":true,"href":"https:\/\/hormigaradio.com\/index.php?rest_route=%2Fwp%2Fv2%2Ftags&post=12311"}],"curies":[{"name":"wp","href":"https:\/\/api.w.org\/{rel}","templated":true}]}}