{"id":12315,"date":"2021-02-18T15:25:17","date_gmt":"2021-02-18T15:25:17","guid":{"rendered":"http:\/\/hormigaradio.com\/?p=12315"},"modified":"2021-02-18T15:30:09","modified_gmt":"2021-02-18T15:30:09","slug":"vacunacion-contra-covid-19-inicio-en-el-cabral-y-baez-santiago-video","status":"publish","type":"post","link":"https:\/\/hormigaradio.com\/?p=12315","title":{"rendered":"VACUNACI\u00d3N CONTRA COVID 19 INICI\u00d3 EN EL CABRAL Y B\u00c1EZ SANTIAGO (v\u00eddeo)"},"content":{"rendered":"<div class=\"article-body-content\">\n<p>Por\u00a0<a class=\"text-font font-700\" href=\"https:\/\/acento.com.do\/autor\/index.html?user_slug=mlaureano\">M\u00c1XIMO LAUREANO<\/a><\/p>\n<p>SANTIAGO DE LOS CABALLEROS, Rep\u00fablica Dominicana.-El ministro de Salud,\u00a0 Plutarco Arias, puso este mi\u00e9rcoles al personal m\u00e9dico del Hospital J\u00f3se Mar\u00eda Cabral y B\u00e1ez las primeras vacunas contra el coronavirus que produce la enfermedad Covid-19.<\/p>\n<p>Este fue el primero de los siete centros de Santiago de los Caballeros donde se aplicar\u00e1n las dosis en la fase inicial del proceso.<\/p>\n<p>Joel Castillo, neum\u00f3logo del Cabral y B\u00e1ez, y Tom\u00e1s Almonte, responsable del \u00e1rea de Emergencia, fueron los primeros.<\/p>\n<p><iframe loading=\"lazy\" src=\"https:\/\/player.vimeo.com\/video\/513584300?color=ef0000\" width=\"640\" height=\"360\" frameborder=\"0\" allowfullscreen=\"allowfullscreen\" data-mce-fragment=\"1\"><\/iframe><\/p>\n<picture class=\"image\"><img loading=\"lazy\" src=\"https:\/\/acento.com.do\/media\/storage02\/uploads\/2021\/02\/eudggn2xyac7mut-full-728x410.webp\" alt=\"\" width=\"1024\" height=\"682\" \/><\/picture>En un discurso de 2 minutos, 42 segundos, en el cual el ministro Arias mencion\u00f3 cinco veces al presidente Luis Abinader, a quien describi\u00f3 como un h\u00e9roe, el funcionario anunci\u00f3\u00a0 cu\u00e1l ser\u00eda la programaci\u00f3n \u00a0de la vacunaci\u00f3n para esta provincia de \u00a0Santiago.<\/p>\n<p>Adem\u00e1s del Hospital Cabral y B\u00e1ez, donde se vacunar\u00edan\u00a0a 210 peronas, profesionales y t\u00e9cnicos de la salud, la primera jornada\u00a0 abarcar\u00e1 los\u00a0 centros de salud Presidente Rafael\u00a0 Estrella Ure\u00f1a y los centros privados, Uni\u00f3n M\u00e9dica del Norte, Corominas,\u00a0Hospital De Especialidades M\u00e9dicas Materno Infantil\u00a0(Hemmi),\u00a0 Hospital Materno Infantil y Especialidades M\u00e9dicas, Centro M\u00e9dico Cibao y Hospital Metropolitano\u00a0 de Santiago, (Homes)<\/p>\n<\/div>\n<div id=\"tags\" class=\"tags flex-container align-center flex-wrap\"><\/div>\n<p>Impactos: 131<\/p>","protected":false},"excerpt":{"rendered":"<p>Por\u00a0M\u00c1XIMO LAUREANO SANTIAGO DE LOS CABALLEROS, Rep\u00fablica Dominicana.-El ministro de Salud,\u00a0 Plutarco Arias, puso este mi\u00e9rcoles al personal m\u00e9dico del Hospital J\u00f3se Mar\u00eda Cabral<\/p>\n","protected":false},"author":3,"featured_media":12317,"comment_status":"open","ping_status":"closed","sticky":false,"template":"","format":"standard","meta":[],"categories":[17],"tags":[],"_links":{"self":[{"href":"https:\/\/hormigaradio.com\/index.php?rest_route=\/wp\/v2\/posts\/12315"}],"collection":[{"href":"https:\/\/hormigaradio.com\/index.php?rest_route=\/wp\/v2\/posts"}],"about":[{"href":"https:\/\/hormigaradio.com\/index.php?rest_route=\/wp\/v2\/types\/post"}],"author":[{"embeddable":true,"href":"https:\/\/hormigaradio.com\/index.php?rest_route=\/wp\/v2\/users\/3"}],"replies":[{"embeddable":true,"href":"https:\/\/hormigaradio.com\/index.php?rest_route=%2Fwp%2Fv2%2Fcomments&post=12315"}],"version-history":[{"count":2,"href":"https:\/\/hormigaradio.com\/index.php?rest_route=\/wp\/v2\/posts\/12315\/revisions"}],"predecessor-version":[{"id":12318,"href":"https:\/\/hormigaradio.com\/index.php?rest_route=\/wp\/v2\/posts\/12315\/revisions\/12318"}],"wp:featuredmedia":[{"embeddable":true,"href":"https:\/\/hormigaradio.com\/index.php?rest_route=\/wp\/v2\/media\/12317"}],"wp:attachment":[{"href":"https:\/\/hormigaradio.com\/index.php?rest_route=%2Fwp%2Fv2%2Fmedia&parent=12315"}],"wp:term":[{"taxonomy":"category","embeddable":true,"href":"https:\/\/hormigaradio.com\/index.php?rest_route=%2Fwp%2Fv2%2Fcategories&post=12315"},{"taxonomy":"post_tag","embeddable":true,"href":"https:\/\/hormigaradio.com\/index.php?rest_route=%2Fwp%2Fv2%2Ftags&post=12315"}],"curies":[{"name":"wp","href":"https:\/\/api.w.org\/{rel}","templated":true}]}}