{"id":12667,"date":"2021-03-28T03:46:57","date_gmt":"2021-03-28T03:46:57","guid":{"rendered":"http:\/\/hormigaradio.com\/?p=12667"},"modified":"2021-03-28T03:46:57","modified_gmt":"2021-03-28T03:46:57","slug":"abinader-muro-de-la-frontera-tiene-presupuesto-asegurado-video","status":"publish","type":"post","link":"https:\/\/hormigaradio.com\/?p=12667","title":{"rendered":"ABINADER: &#8220;MURO DE LA FRONTERA TIENE PRESUPUESTO ASEGURADO&#8221; (V\u00eddeo)"},"content":{"rendered":"<p>Por\u00a0<a class=\"text-font font-700\" href=\"https:\/\/acento.com.do\/autor\/index.html?user_slug=mlaureano\">M\u00c1XIMO LAUREANO<\/a><\/p>\n<p>SANTIAGO DE LOS CABALLEROS, Rep\u00fablica Dominicana.- El presidente de la Rep\u00fablica, Luis Abinader, dijo que el proyecto de levantar el muro en la frontera con Hait\u00ed est\u00e1 en proceso de planificaci\u00f3n y licitaci\u00f3n y que la obra &#8220;tiene presupuesto asegurado&#8221;.<\/p>\n<p>No especific\u00f3 cu\u00e1nto costar\u00eda el cerco, pero el ministro de Relaciones Exteriores, Roberto \u00c1lvarez, confirm\u00f3 recientemente que su costo rondar\u00e1 los 100 millones de d\u00f3lares.<\/p>\n<p>&#8220;Est\u00e1 en planificaci\u00f3n. Usted sabe que eso es un proceso de presentaci\u00f3n, que tiene que ir a licitaci\u00f3n. y luego se elige la mejor propuesta; pero eso tiene su presupuesto&#8221;, se\u00f1al\u00f3 el mandatario.<\/p>\n<p><iframe loading=\"lazy\" src=\"https:\/\/player.vimeo.com\/video\/529850120?color=ef0000\" width=\"640\" height=\"360\" frameborder=\"0\" allowfullscreen=\"allowfullscreen\" data-mce-fragment=\"1\"><\/iframe><\/p>\n<p>El l\u00edmite f\u00edsico de contenci\u00f3n entre\u00a0Rep\u00fablica Dominicana\u00a0y\u00a0Hait\u00ed fue anunciado por el mandatario durante su rendici\u00f3n de cuentas el pasado 27 de febrero, lo que nombr\u00f3 como verja, y desde entonces se registran intermitentes oleadas de reacciones adversas y tambi\u00e9n de apoyo a su iniciativa, dentro y fuera del pa\u00eds.<\/p>\n<p>El presidente Abinader estuvo en la provincia de Santiago cumpliendo una agenda de varias actividades, que incluy\u00f3 un encuentro con juntas de vecinos en Pueblo Nuevo en la que no se permiti\u00f3 la entrada de los periodistas<\/p>\n<p>Impactos: 72<\/p>","protected":false},"excerpt":{"rendered":"<p>Por\u00a0M\u00c1XIMO LAUREANO SANTIAGO DE LOS CABALLEROS, Rep\u00fablica Dominicana.- El presidente de la Rep\u00fablica, Luis Abinader, dijo que el proyecto de levantar el muro en<\/p>\n","protected":false},"author":3,"featured_media":12668,"comment_status":"open","ping_status":"closed","sticky":false,"template":"","format":"standard","meta":[],"categories":[3],"tags":[],"_links":{"self":[{"href":"https:\/\/hormigaradio.com\/index.php?rest_route=\/wp\/v2\/posts\/12667"}],"collection":[{"href":"https:\/\/hormigaradio.com\/index.php?rest_route=\/wp\/v2\/posts"}],"about":[{"href":"https:\/\/hormigaradio.com\/index.php?rest_route=\/wp\/v2\/types\/post"}],"author":[{"embeddable":true,"href":"https:\/\/hormigaradio.com\/index.php?rest_route=\/wp\/v2\/users\/3"}],"replies":[{"embeddable":true,"href":"https:\/\/hormigaradio.com\/index.php?rest_route=%2Fwp%2Fv2%2Fcomments&post=12667"}],"version-history":[{"count":1,"href":"https:\/\/hormigaradio.com\/index.php?rest_route=\/wp\/v2\/posts\/12667\/revisions"}],"predecessor-version":[{"id":12669,"href":"https:\/\/hormigaradio.com\/index.php?rest_route=\/wp\/v2\/posts\/12667\/revisions\/12669"}],"wp:featuredmedia":[{"embeddable":true,"href":"https:\/\/hormigaradio.com\/index.php?rest_route=\/wp\/v2\/media\/12668"}],"wp:attachment":[{"href":"https:\/\/hormigaradio.com\/index.php?rest_route=%2Fwp%2Fv2%2Fmedia&parent=12667"}],"wp:term":[{"taxonomy":"category","embeddable":true,"href":"https:\/\/hormigaradio.com\/index.php?rest_route=%2Fwp%2Fv2%2Fcategories&post=12667"},{"taxonomy":"post_tag","embeddable":true,"href":"https:\/\/hormigaradio.com\/index.php?rest_route=%2Fwp%2Fv2%2Ftags&post=12667"}],"curies":[{"name":"wp","href":"https:\/\/api.w.org\/{rel}","templated":true}]}}