{"id":12731,"date":"2021-04-07T23:43:45","date_gmt":"2021-04-07T23:43:45","guid":{"rendered":"http:\/\/hormigaradio.com\/?p=12731"},"modified":"2021-04-07T23:54:47","modified_gmt":"2021-04-07T23:54:47","slug":"adecuci-entrega-reconocimientos-por-labor-social-a-lideres-comunitarios-santiago-oeste","status":"publish","type":"post","link":"https:\/\/hormigaradio.com\/?p=12731","title":{"rendered":"ADECUCI  ENTREGA RECONOCIMIENTOS POR  LABOR SOCIAL A L\u00cdDERES  COMUNITARIOS  SANTIAGO OESTE"},"content":{"rendered":"<p><strong>H.R.<\/strong><\/p>\n<figure id=\"attachment_12734\" aria-describedby=\"caption-attachment-12734\" style=\"width: 300px\" class=\"wp-caption alignleft\"><a href=\"http:\/\/hormigaradio.com\/wp-content\/uploads\/2021\/04\/WhatsApp-Image-2021-04-07-at-5.49.01-PM.jpeg\"><img loading=\"lazy\" class=\"wp-image-12734 size-medium\" src=\"http:\/\/hormigaradio.com\/wp-content\/uploads\/2021\/04\/WhatsApp-Image-2021-04-07-at-5.49.01-PM-300x200.jpeg\" alt=\"\" width=\"300\" height=\"200\" srcset=\"https:\/\/hormigaradio.com\/wp-content\/uploads\/2021\/04\/WhatsApp-Image-2021-04-07-at-5.49.01-PM-300x200.jpeg 300w, https:\/\/hormigaradio.com\/wp-content\/uploads\/2021\/04\/WhatsApp-Image-2021-04-07-at-5.49.01-PM-768x512.jpeg 768w, https:\/\/hormigaradio.com\/wp-content\/uploads\/2021\/04\/WhatsApp-Image-2021-04-07-at-5.49.01-PM-1024x682.jpeg 1024w, https:\/\/hormigaradio.com\/wp-content\/uploads\/2021\/04\/WhatsApp-Image-2021-04-07-at-5.49.01-PM.jpeg 1280w\" sizes=\"(max-width: 300px) 100vw, 300px\" \/><\/a><figcaption id=\"caption-attachment-12734\" class=\"wp-caption-text\"><em><strong>Radham\u00e9s G\u00f3mez, Nicasio P\u00e9rez y Eddy B\u00e1ez.<\/strong><\/em><\/figcaption><\/figure>\n<p>La Asociaci\u00f3n para el Desarrollo de Cienfuegos ADECUCI realiz\u00f3 una premiaci\u00f3n a la labor social de dirigentes comunitarios, comerciantes, empresarios, organizaciones de base, personalidades y grupo empresarial que desarrolla sus actividades en el territorio del Distrito Municipal Santiago Oeste.<\/p>\n<p>El licenciado Radhames G\u00f3mez, presidente de la Asociaci\u00f3n para el Desarrollo Comunidad Unida de Cienfuegos -Adecuci-, expres\u00f3 que la premiaci\u00f3n denominada &#8220;Premios Adecuci 2021&#8221; se inscribe en el marco de la celebraci\u00f3n del D\u00eda Nacional del Comunitario seg\u00fan la Ley # 60-18 que se celebra el d\u00eda del Comunitario y Organizaciones Sociales de R.D. que cont\u00f3 con la presencia de connotados\u00a0 dirigentes de Santiago Oeste.<\/p>\n<p>Agreg\u00f3 que &#8220;se cre\u00f3 un jurado encargado de seleccionar un ganador de ternas de 3 nominados por renglones y categor\u00eda tomando en cuenta la vocaci\u00f3n de servicio, aporte al desarrollo social, educativo, econ\u00f3mico, generaci\u00f3n de empleos, la salud, educaci\u00f3n y a\u00f1os en la actividad desempe\u00f1ada por cada uno&#8221;.<\/p>\n<p>El presidente de la Asociaci\u00f3n para el Desarrollo de Cienfuegos indic\u00f3 que los\u00a0 premios Adecuci 2021 incluy\u00f3 adem\u00e1s, personalidades destacadas como propulsores en la educaci\u00f3n, planteles educativos p\u00fablicos y privados mas destacados, joven meritorio, cultura, deporte, literatura, folklor, instituci\u00f3n p\u00fablica mejor valorada, empresa y empresario de larga trayectoria, igualdad e inclusi\u00f3n, municipalidad, comerciante destacado, emprendedores\/as, aporte a la comunidad, juventud, juntas de vecino, superaci\u00f3n personal, apoyo extraterritorial y familia ejemplar.<\/p>\n<p><a href=\"http:\/\/hormigaradio.com\/wp-content\/uploads\/2021\/04\/WhatsApp-Image-2021-04-07-at-5.49.02-PM-1.jpeg\"><img loading=\"lazy\" class=\"aligncenter wp-image-12737 size-large\" src=\"http:\/\/hormigaradio.com\/wp-content\/uploads\/2021\/04\/WhatsApp-Image-2021-04-07-at-5.49.02-PM-1-1024x682.jpeg\" alt=\"\" width=\"715\" height=\"476\" srcset=\"https:\/\/hormigaradio.com\/wp-content\/uploads\/2021\/04\/WhatsApp-Image-2021-04-07-at-5.49.02-PM-1-1024x682.jpeg 1024w, https:\/\/hormigaradio.com\/wp-content\/uploads\/2021\/04\/WhatsApp-Image-2021-04-07-at-5.49.02-PM-1-300x200.jpeg 300w, https:\/\/hormigaradio.com\/wp-content\/uploads\/2021\/04\/WhatsApp-Image-2021-04-07-at-5.49.02-PM-1-768x512.jpeg 768w, https:\/\/hormigaradio.com\/wp-content\/uploads\/2021\/04\/WhatsApp-Image-2021-04-07-at-5.49.02-PM-1.jpeg 1280w\" sizes=\"(max-width: 715px) 100vw, 715px\" \/><\/a><\/p>\n<p>G\u00f3mez manifest\u00f3 que en dicha premiaci\u00f3n se reconoci\u00f3 la labor social de personalidades, como el profesor An\u00edbal de Jes\u00fas Peralta Rodr\u00edguez, Lisbery Mar\u00eda Lugo, Ambioris Rodr\u00edguez, Franklin Matos, Carlos Manuel Paulino Garc\u00eda, Andr\u00e9s Manuel, Miguel Angel Balbuena Polanco, Marcos Alvarez, Elizabeth Rodr\u00edguez Pe\u00f1a, Jos\u00e9 Reynaldo Bautista Mart\u00ednez, Felipe Padilla, Roberto Antonio Espinal, Josefina Mercedes Reyes Espinal, Jos\u00e9 de Jes\u00fas J\u00e1quez Pe\u00f1a, Teodoro Pe\u00f1a Mart\u00ednez, Francia Alvarez, Juan Lucas Santana, Aldin Antonio Rodr\u00edguez, Javier B\u00e1ez, F\u00e9lix de la Cruz Moronta, Marta Ramona Guzm\u00e1n B\u00e1ez, Albery Belliard, Juan Mart\u00ednez, M\u00e1ximo Holgu\u00edn y Roque Mart\u00ednez.<\/p>\n<p>Tambi\u00e9n instituciones como el Polit\u00e9cnico Ram\u00f3n Dubert Novo, Centro de la Juventud y de la Cultura -CJC- de la Salle, la Corporaci\u00f3n de Zona Franca Santiago, el Colegio las Rosas, el Hospital Perif\u00e9rico de Cienfuegos Rafael Castro, la Fundaci\u00f3n Ni\u00f1os con una Esperanza, Children Internacional &#8220;Amigos de los Ni\u00f1os&#8221;, Fundaci\u00f3n Solidaridad y las Juntas de Vecinos la Trinitaria y\u00a0 La Esperanza, .<\/p>\n<p>&#8220;Premios Adecuci 2021&#8221; otorg\u00f3 el m\u00e1ximo galard\u00f3n a la Corporaci\u00f3n de Zona Franca Santiago. En su representaci\u00f3n lo recibi\u00f3\u00a0 el Lic. Nicasio P\u00e9rez, quien estuvo\u00a0 acompa\u00f1ado en el evento por la Licda. Karen G\u00f3mez y Fernando Garc\u00eda, encargada de Mercadeo, Comunicaci\u00f3n y Proyectos institucionales y Director de Operaciones, respectivamente.<\/p>\n<p>El presidente de la Asociaci\u00f3n para el Desarrollo de Cienfuegos, Radham\u00e9s G\u00f3mez, destaco el esfuerzo y dedicaci\u00f3n de los dirigentes comunitarios en la b\u00fasqueda de solucionar sus problemas en las diferentes \u00e1reas de servicios.<\/p>\n<p>&#8220;Premios Adecuci 2021&#8221; se desarroll\u00f3 bajo el patrocinio de Corporaci\u00f3n Zona Franca Santiago, Baltimore Dominicana -Baldom-, FONDESA, Ayuntamiento Santiago Oeste, Lavander\u00eda el Bad\u00e9n, Juan Carlos Ort\u00edz, Rafael -Rafo- Franco, FERRRTODO, Ferreter\u00eda Roberto Espinal, Farmacia Dom\u00ednguez, Farmacia Mivelba\u00a0 y Farmacia Camejo.<\/p>\n<p>Impactos: 1213<\/p>","protected":false},"excerpt":{"rendered":"<p>H.R. La Asociaci\u00f3n para el Desarrollo de Cienfuegos ADECUCI realiz\u00f3 una premiaci\u00f3n a la labor social de dirigentes comunitarios, comerciantes, empresarios, organizaciones de base,<\/p>\n","protected":false},"author":3,"featured_media":12735,"comment_status":"open","ping_status":"closed","sticky":false,"template":"","format":"standard","meta":[],"categories":[3],"tags":[],"_links":{"self":[{"href":"https:\/\/hormigaradio.com\/index.php?rest_route=\/wp\/v2\/posts\/12731"}],"collection":[{"href":"https:\/\/hormigaradio.com\/index.php?rest_route=\/wp\/v2\/posts"}],"about":[{"href":"https:\/\/hormigaradio.com\/index.php?rest_route=\/wp\/v2\/types\/post"}],"author":[{"embeddable":true,"href":"https:\/\/hormigaradio.com\/index.php?rest_route=\/wp\/v2\/users\/3"}],"replies":[{"embeddable":true,"href":"https:\/\/hormigaradio.com\/index.php?rest_route=%2Fwp%2Fv2%2Fcomments&post=12731"}],"version-history":[{"count":4,"href":"https:\/\/hormigaradio.com\/index.php?rest_route=\/wp\/v2\/posts\/12731\/revisions"}],"predecessor-version":[{"id":12738,"href":"https:\/\/hormigaradio.com\/index.php?rest_route=\/wp\/v2\/posts\/12731\/revisions\/12738"}],"wp:featuredmedia":[{"embeddable":true,"href":"https:\/\/hormigaradio.com\/index.php?rest_route=\/wp\/v2\/media\/12735"}],"wp:attachment":[{"href":"https:\/\/hormigaradio.com\/index.php?rest_route=%2Fwp%2Fv2%2Fmedia&parent=12731"}],"wp:term":[{"taxonomy":"category","embeddable":true,"href":"https:\/\/hormigaradio.com\/index.php?rest_route=%2Fwp%2Fv2%2Fcategories&post=12731"},{"taxonomy":"post_tag","embeddable":true,"href":"https:\/\/hormigaradio.com\/index.php?rest_route=%2Fwp%2Fv2%2Ftags&post=12731"}],"curies":[{"name":"wp","href":"https:\/\/api.w.org\/{rel}","templated":true}]}}