{"id":12745,"date":"2021-04-08T04:17:22","date_gmt":"2021-04-08T04:17:22","guid":{"rendered":"http:\/\/hormigaradio.com\/?p=12745"},"modified":"2021-04-08T04:19:02","modified_gmt":"2021-04-08T04:19:02","slug":"defensa-civil-reporta-derrumbe-de-casas-carretera-turistica-de-la-cumbre-video","status":"publish","type":"post","link":"https:\/\/hormigaradio.com\/?p=12745","title":{"rendered":"DEFENSA CIVIL REPORTA DERRUMBE DE CASAS  CARRETERA TUR\u00cdSTICA DE LA CUMBRE (V\u00eddeo)"},"content":{"rendered":"<p>Por\u00a0<a class=\"text-font font-700\" href=\"https:\/\/acento.com.do\/autor\/index.html?user_slug=mlaureano\">M\u00c1XIMO LAUREANO<\/a><\/p>\n<p>SANTIAGO DE LOS CABALLEROS, Rep\u00fablica Dominicana.-Deslizamientos de tierra ocasionados por las lluvias en la carretera tur\u00edstica Gregorio Luper\u00f3n, ocasion\u00f3 el derrumbe de una casa de dos niveles en la comunidad de La Cumbre, y otras est\u00e1n pr\u00e1cticamente en el aire, report\u00f3 la noche del mi\u00e9rcoles la Defensa Civil en Santiago.<\/p>\n<p>\u201cEn La Cumbre de la carretera tur\u00edstica se est\u00e1n produciendo deslizamientos de tierra; una casa de dos nivele se fue al precipicio. No tenemos reporte de personas lesionadas. Eso fue producto de las lluvias. En La Cumbre ha estado lloviendo todos los d\u00edas\u201d, dijo Francisco Alfredo Arias Tolentino,\u00a0 director de la Defensa Civil en Santiago.<\/p>\n<p><iframe loading=\"lazy\" src=\"https:\/\/player.vimeo.com\/video\/534266099?color=ef0000\" width=\"640\" height=\"360\" frameborder=\"0\" allowfullscreen=\"allowfullscreen\" data-mce-fragment=\"1\"><\/iframe><\/p>\n<p>El cuerpo de socorro de Santiago ha advertido a quienes transitan por esta v\u00eda para que tomen las precauciones de lugar, debido a que en estos d\u00edas se repiten situaciones de peligros en varios puntos.<\/p>\n<picture class=\"image\"><img loading=\"lazy\" src=\"https:\/\/acento.com.do\/media\/storage02\/uploads\/2021\/04\/19327ee0-3984-4857-952d-1a07870ec57b-1-full-728x410.webp\" alt=\"\" width=\"960\" height=\"1280\" \/><\/picture>\n<p>En la carretera tur\u00edstica Santiago\/Puerto Plata se registran labores de reconstrucciones desde el a\u00f1o 2005 y en la actualidad autoridades ministeriales han anunciado que trabajan para mejorar las condiciones de este trazado que traspasa la Cordillera Septentrional.<\/p>\n<picture class=\"image\"><img loading=\"lazy\" src=\"https:\/\/acento.com.do\/media\/storage02\/uploads\/2021\/04\/d6643864-05c6-4e24-9cae-90875c93dbef-full-728x410.webp\" alt=\"\" width=\"1280\" height=\"960\" \/><\/picture>\n<p>Impactos: 78<\/p>","protected":false},"excerpt":{"rendered":"<p>Por\u00a0M\u00c1XIMO LAUREANO SANTIAGO DE LOS CABALLEROS, Rep\u00fablica Dominicana.-Deslizamientos de tierra ocasionados por las lluvias en la carretera tur\u00edstica Gregorio Luper\u00f3n, ocasion\u00f3 el derrumbe de<\/p>\n","protected":false},"author":3,"featured_media":12747,"comment_status":"open","ping_status":"closed","sticky":false,"template":"","format":"standard","meta":[],"categories":[3],"tags":[],"_links":{"self":[{"href":"https:\/\/hormigaradio.com\/index.php?rest_route=\/wp\/v2\/posts\/12745"}],"collection":[{"href":"https:\/\/hormigaradio.com\/index.php?rest_route=\/wp\/v2\/posts"}],"about":[{"href":"https:\/\/hormigaradio.com\/index.php?rest_route=\/wp\/v2\/types\/post"}],"author":[{"embeddable":true,"href":"https:\/\/hormigaradio.com\/index.php?rest_route=\/wp\/v2\/users\/3"}],"replies":[{"embeddable":true,"href":"https:\/\/hormigaradio.com\/index.php?rest_route=%2Fwp%2Fv2%2Fcomments&post=12745"}],"version-history":[{"count":1,"href":"https:\/\/hormigaradio.com\/index.php?rest_route=\/wp\/v2\/posts\/12745\/revisions"}],"predecessor-version":[{"id":12746,"href":"https:\/\/hormigaradio.com\/index.php?rest_route=\/wp\/v2\/posts\/12745\/revisions\/12746"}],"wp:featuredmedia":[{"embeddable":true,"href":"https:\/\/hormigaradio.com\/index.php?rest_route=\/wp\/v2\/media\/12747"}],"wp:attachment":[{"href":"https:\/\/hormigaradio.com\/index.php?rest_route=%2Fwp%2Fv2%2Fmedia&parent=12745"}],"wp:term":[{"taxonomy":"category","embeddable":true,"href":"https:\/\/hormigaradio.com\/index.php?rest_route=%2Fwp%2Fv2%2Fcategories&post=12745"},{"taxonomy":"post_tag","embeddable":true,"href":"https:\/\/hormigaradio.com\/index.php?rest_route=%2Fwp%2Fv2%2Ftags&post=12745"}],"curies":[{"name":"wp","href":"https:\/\/api.w.org\/{rel}","templated":true}]}}