{"id":12749,"date":"2021-04-08T18:08:36","date_gmt":"2021-04-08T18:08:36","guid":{"rendered":"http:\/\/hormigaradio.com\/?p=12749"},"modified":"2021-04-08T18:10:02","modified_gmt":"2021-04-08T18:10:02","slug":"policia-nacional-recupera-camion-empresas-valores-dejado-abandonado-por-el-conductor-video","status":"publish","type":"post","link":"https:\/\/hormigaradio.com\/?p=12749","title":{"rendered":"POLIC\u00cdA NACIONAL RECUPERA CAMI\u00d3N EMPRESAS VALORES DEJADO ABANDONADO POR EL CONDUCTOR (v\u00eddeo)"},"content":{"rendered":"<div class=\"article-body-content\">\n<p>Por\u00a0<a class=\"text-font font-700\" href=\"https:\/\/acento.com.do\/autor\/index.html?user_slug=mlaureano\">M\u00c1XIMO LAUREANO<\/a><\/p>\n<p><img src=\"https:\/\/acento.com.do\/media\/storage02\/uploads\/2021\/04\/whatsapp-image-2021-04-08-at-11001-pm-400x225.webp\" data-desktop=\"https:\/\/acento.com.do\/media\/storage02\/uploads\/2021\/04\/whatsapp-image-2021-04-08-at-11001-pm-728x410.webp\" data-mobile=\"https:\/\/acento.com.do\/media\/storage02\/uploads\/2021\/04\/whatsapp-image-2021-04-08-at-11001-pm-400x225.webp\" \/><\/p>\n<p>SANTIAGO DE LOS CABALLEROS, Rep\u00fablica Dominicana.- La vocer\u00eda de la Direcci\u00f3n Regional Cibao Central de la Polic\u00eda Nacional, en Santiago, inform\u00f3\u00a0sobre la recuperaci\u00f3n de un cami\u00f3n de una empresa\u00a0de transporte de valores, que habr\u00eda sido dejado abandonado\u00a0por el conductor, a quien las autoridades han declarado pr\u00f3fugo.<\/p>\n<p>El coronel Juan Guzm\u00e1n Bad\u00eda, vocero local de la Polic\u00eda, confirm\u00f3 que hay dos personas detenidas por este caso, aunque especific\u00f3 que no se ha procedido\u00a0con la revisi\u00f3n del\u00a0cami\u00f3n.<\/p>\n<p>Agreg\u00f3 que el cami\u00f3n est\u00e1 en el departamento correspondiente de la sede policial y se espera a un personal de la compa\u00f1\u00eda\u00a0y los actuantes del Ministerio P\u00fablico para proceder\u00a0 a la verificaci\u00f3n.<\/p>\n<p>El cami\u00f3n\u00a0fue ubicado en la urbanizaci\u00f3n La Terraza, alrededor de las 3:30 de la madrugada y se desconoce si el conductor, declarado pr\u00f3fugo, habr\u00eda cargado con dinero u otra pertenencia.<\/p>\n<p>\u201cTodav\u00eda la Polic\u00eda no tiene ninguna denuncia relacionada a esto. Estamos esperando que la empresa, a la cual pertenece este cami\u00f3n, formalice la denuncia\u201d, dijo el coronel\u00a0Bad\u00eda.<\/p>\n<p><iframe loading=\"lazy\" src=\"https:\/\/player.vimeo.com\/video\/534540505?color=ef0000\" width=\"640\" height=\"360\" frameborder=\"0\" allowfullscreen=\"allowfullscreen\" data-mce-fragment=\"1\"><\/iframe><\/p>\n<\/div>\n<div id=\"tags\" class=\"tags flex-container align-center flex-wrap\"><\/div>\n<p>Impactos: 82<\/p>","protected":false},"excerpt":{"rendered":"<p>Por\u00a0M\u00c1XIMO LAUREANO SANTIAGO DE LOS CABALLEROS, Rep\u00fablica Dominicana.- La vocer\u00eda de la Direcci\u00f3n Regional Cibao Central de la Polic\u00eda Nacional, en Santiago, inform\u00f3\u00a0sobre la<\/p>\n","protected":false},"author":3,"featured_media":12751,"comment_status":"open","ping_status":"closed","sticky":false,"template":"","format":"standard","meta":[],"categories":[3],"tags":[],"_links":{"self":[{"href":"https:\/\/hormigaradio.com\/index.php?rest_route=\/wp\/v2\/posts\/12749"}],"collection":[{"href":"https:\/\/hormigaradio.com\/index.php?rest_route=\/wp\/v2\/posts"}],"about":[{"href":"https:\/\/hormigaradio.com\/index.php?rest_route=\/wp\/v2\/types\/post"}],"author":[{"embeddable":true,"href":"https:\/\/hormigaradio.com\/index.php?rest_route=\/wp\/v2\/users\/3"}],"replies":[{"embeddable":true,"href":"https:\/\/hormigaradio.com\/index.php?rest_route=%2Fwp%2Fv2%2Fcomments&post=12749"}],"version-history":[{"count":2,"href":"https:\/\/hormigaradio.com\/index.php?rest_route=\/wp\/v2\/posts\/12749\/revisions"}],"predecessor-version":[{"id":12752,"href":"https:\/\/hormigaradio.com\/index.php?rest_route=\/wp\/v2\/posts\/12749\/revisions\/12752"}],"wp:featuredmedia":[{"embeddable":true,"href":"https:\/\/hormigaradio.com\/index.php?rest_route=\/wp\/v2\/media\/12751"}],"wp:attachment":[{"href":"https:\/\/hormigaradio.com\/index.php?rest_route=%2Fwp%2Fv2%2Fmedia&parent=12749"}],"wp:term":[{"taxonomy":"category","embeddable":true,"href":"https:\/\/hormigaradio.com\/index.php?rest_route=%2Fwp%2Fv2%2Fcategories&post=12749"},{"taxonomy":"post_tag","embeddable":true,"href":"https:\/\/hormigaradio.com\/index.php?rest_route=%2Fwp%2Fv2%2Ftags&post=12749"}],"curies":[{"name":"wp","href":"https:\/\/api.w.org\/{rel}","templated":true}]}}