{"id":12767,"date":"2021-04-12T14:00:12","date_gmt":"2021-04-12T14:00:12","guid":{"rendered":"http:\/\/hormigaradio.com\/?p=12767"},"modified":"2021-04-12T14:00:12","modified_gmt":"2021-04-12T14:00:12","slug":"presidente-dice-le-sugirieron-no-manejar-el-tesla-por-seguridad","status":"publish","type":"post","link":"https:\/\/hormigaradio.com\/?p=12767","title":{"rendered":"PRESIDENTE DICE LE SUGIRIERON NO MANEJAR EL TESLA  POR SEGURIDAD"},"content":{"rendered":"<p>Por\u00a0<a class=\"text-font font-700\" href=\"https:\/\/acento.com.do\/autor\/index.html?user_slug=mlaureano\">M\u00c1XIMO LAUREANO<\/a><\/p>\n<p><a href=\"http:\/\/hormigaradio.com\/wp-content\/uploads\/2020\/08\/luis-el-presidente.jpg\"><img loading=\"lazy\" class=\"alignleft size-medium wp-image-10688\" src=\"http:\/\/hormigaradio.com\/wp-content\/uploads\/2020\/08\/luis-el-presidente-300x169.jpg\" alt=\"\" width=\"300\" height=\"169\" srcset=\"https:\/\/hormigaradio.com\/wp-content\/uploads\/2020\/08\/luis-el-presidente-300x169.jpg 300w, https:\/\/hormigaradio.com\/wp-content\/uploads\/2020\/08\/luis-el-presidente-715x400.jpg 715w, https:\/\/hormigaradio.com\/wp-content\/uploads\/2020\/08\/luis-el-presidente.jpg 728w\" sizes=\"(max-width: 300px) 100vw, 300px\" \/><\/a><\/p>\n<p>SANTIAGO DE LOS CABALLEROS, Rep\u00fablica Dominicana. -\u201cDebo aclarar que me prohibieron manejar el Tesla\u201d, dijo el presidente Luis Abinader al inicio de su discurso en un acto de inauguraci\u00f3n de nuevas naves industriales en la zona franca de Santiago.<\/p>\n<p>El mandatario hizo la aclaraci\u00f3n luego que la periodista Grisbell Medina, a cargo de la conducci\u00f3n del acto mencionara que al presidente a veces manejaba su carro recargable.<\/p>\n<p>En relaci\u00f3n al tema, el presidente Abinader dijo que los agentes de seguridad le habr\u00edan solicitado no manejar el carro.<\/p>\n<p>La agenda de este viernes del presidente Luis Abinader, fue la quinta en Santiago de los Caballeros, desde que ocupa el primer cargo p\u00fablico del pa\u00eds. Esta vez vino a Santiago, para la ampliaci\u00f3n de las empresas multinacionales, Swedish Match y Boombah, las cuales hicieron inversiones por 900 millones de pesos.<\/p>\n<p>Las multinacionales han sumado unos 5, 600 puestos de trabajos en el parque industrial V\u00edctor Espaillat Mera, cobijado en la Corporaci\u00f3n Zona Franca Santiago<\/p>\n<p>Impactos: 76<\/p>","protected":false},"excerpt":{"rendered":"<p>Por\u00a0M\u00c1XIMO LAUREANO SANTIAGO DE LOS CABALLEROS, Rep\u00fablica Dominicana. -\u201cDebo aclarar que me prohibieron manejar el Tesla\u201d, dijo el presidente Luis Abinader al inicio de<\/p>\n","protected":false},"author":3,"featured_media":12768,"comment_status":"open","ping_status":"closed","sticky":false,"template":"","format":"standard","meta":[],"categories":[3],"tags":[],"_links":{"self":[{"href":"https:\/\/hormigaradio.com\/index.php?rest_route=\/wp\/v2\/posts\/12767"}],"collection":[{"href":"https:\/\/hormigaradio.com\/index.php?rest_route=\/wp\/v2\/posts"}],"about":[{"href":"https:\/\/hormigaradio.com\/index.php?rest_route=\/wp\/v2\/types\/post"}],"author":[{"embeddable":true,"href":"https:\/\/hormigaradio.com\/index.php?rest_route=\/wp\/v2\/users\/3"}],"replies":[{"embeddable":true,"href":"https:\/\/hormigaradio.com\/index.php?rest_route=%2Fwp%2Fv2%2Fcomments&post=12767"}],"version-history":[{"count":1,"href":"https:\/\/hormigaradio.com\/index.php?rest_route=\/wp\/v2\/posts\/12767\/revisions"}],"predecessor-version":[{"id":12769,"href":"https:\/\/hormigaradio.com\/index.php?rest_route=\/wp\/v2\/posts\/12767\/revisions\/12769"}],"wp:featuredmedia":[{"embeddable":true,"href":"https:\/\/hormigaradio.com\/index.php?rest_route=\/wp\/v2\/media\/12768"}],"wp:attachment":[{"href":"https:\/\/hormigaradio.com\/index.php?rest_route=%2Fwp%2Fv2%2Fmedia&parent=12767"}],"wp:term":[{"taxonomy":"category","embeddable":true,"href":"https:\/\/hormigaradio.com\/index.php?rest_route=%2Fwp%2Fv2%2Fcategories&post=12767"},{"taxonomy":"post_tag","embeddable":true,"href":"https:\/\/hormigaradio.com\/index.php?rest_route=%2Fwp%2Fv2%2Ftags&post=12767"}],"curies":[{"name":"wp","href":"https:\/\/api.w.org\/{rel}","templated":true}]}}