{"id":12774,"date":"2021-04-14T12:50:32","date_gmt":"2021-04-14T12:50:32","guid":{"rendered":"http:\/\/hormigaradio.com\/?p=12774"},"modified":"2021-04-14T13:15:20","modified_gmt":"2021-04-14T13:15:20","slug":"sntp-reconoce-periodistas-por-trayectoria-ejemplar-en-labores","status":"publish","type":"post","link":"https:\/\/hormigaradio.com\/?p=12774","title":{"rendered":"SNTP RECONOCE PERIODISTAS POR  TRAYECTORIA EJEMPLAR EN LABORES"},"content":{"rendered":"<p><strong>H.R.<\/strong><\/p>\n<figure id=\"attachment_12777\" aria-describedby=\"caption-attachment-12777\" style=\"width: 300px\" class=\"wp-caption alignleft\"><a href=\"http:\/\/hormigaradio.com\/wp-content\/uploads\/2021\/04\/WhatsApp-Image-2021-04-13-at-1.00.55-AM-1.jpeg\"><img loading=\"lazy\" class=\"wp-image-12777 size-medium\" src=\"http:\/\/hormigaradio.com\/wp-content\/uploads\/2021\/04\/WhatsApp-Image-2021-04-13-at-1.00.55-AM-1-300x222.jpeg\" alt=\"\" width=\"300\" height=\"222\" srcset=\"https:\/\/hormigaradio.com\/wp-content\/uploads\/2021\/04\/WhatsApp-Image-2021-04-13-at-1.00.55-AM-1-300x222.jpeg 300w, https:\/\/hormigaradio.com\/wp-content\/uploads\/2021\/04\/WhatsApp-Image-2021-04-13-at-1.00.55-AM-1-768x567.jpeg 768w, https:\/\/hormigaradio.com\/wp-content\/uploads\/2021\/04\/WhatsApp-Image-2021-04-13-at-1.00.55-AM-1.jpeg 960w\" sizes=\"(max-width: 300px) 100vw, 300px\" \/><\/a><figcaption id=\"caption-attachment-12777\" class=\"wp-caption-text\"><em><strong>Jhoana Benoit, Edward Fern\u00e1ndez y Jos\u00e9 Alfredo Espinal, secretario SNTP.<\/strong><\/em><\/figcaption><\/figure>\n<p>El Sindicato Nacional de Trabajadores de la Prensa (SNTP), filial Santiago, entreg\u00f3 placas de reconocimiento a seis profesionales del periodismo de esta ciudad, por su trayectoria en los medios de comunicaci\u00f3n, lucha gremial y compromiso social, en el marco del D\u00eda Nacional del Periodista, que se celebra en el pa\u00eds cada 5 de abril.<\/p>\n<p>Los homenajeados fueron; Ram\u00f3n Lora, destacado periodista, abogado notario y escritor, la reportera de Telemicro, Yenny Acevedo, la redactora del peri\u00f3dico La Informaci\u00f3n, Mariela L\u00f3pez, Edward Fern\u00e1ndez, corresponsal de Diario Libre y Rafael Monsanto, productor de televisi\u00f3n y director del portal Santiagodigital.net.<\/p>\n<p>El acto de reconocimiento fue celebrado este lunes en la Sociedad de la Palabra Multimedia y estuvo encabezado por el secretario general del Sindicato Nacional de Trabajadores de la Prensa, filial Santiago, el periodista Jos\u00e9 Alfredo Espinal.<\/p>\n<p>\u201cPara nosotros es un privilegio hacer entrega del reconocimiento a seis valiosos profesionales, con motivo del D\u00eda Nacional del Periodista, que se celebra cada 5 de abril en la Rep\u00fablica Dominicana\u201d, expres\u00f3.<\/p>\n<figure id=\"attachment_12779\" aria-describedby=\"caption-attachment-12779\" style=\"width: 300px\" class=\"wp-caption alignleft\"><a href=\"http:\/\/hormigaradio.com\/wp-content\/uploads\/2021\/04\/WhatsApp-Image-2021-04-13-at-1.00.55-AM-2.jpeg\"><img loading=\"lazy\" class=\"wp-image-12779 size-medium\" src=\"http:\/\/hormigaradio.com\/wp-content\/uploads\/2021\/04\/WhatsApp-Image-2021-04-13-at-1.00.55-AM-2-300x213.jpeg\" alt=\"\" width=\"300\" height=\"213\" srcset=\"https:\/\/hormigaradio.com\/wp-content\/uploads\/2021\/04\/WhatsApp-Image-2021-04-13-at-1.00.55-AM-2-300x213.jpeg 300w, https:\/\/hormigaradio.com\/wp-content\/uploads\/2021\/04\/WhatsApp-Image-2021-04-13-at-1.00.55-AM-2-768x546.jpeg 768w, https:\/\/hormigaradio.com\/wp-content\/uploads\/2021\/04\/WhatsApp-Image-2021-04-13-at-1.00.55-AM-2.jpeg 960w\" sizes=\"(max-width: 300px) 100vw, 300px\" \/><\/a><figcaption id=\"caption-attachment-12779\" class=\"wp-caption-text\"><strong><em>Alberto Mota, Ram\u00f3n Lora y Jos\u00e9 Alfredo Espinal.<\/em><\/strong><\/figcaption><\/figure>\n<p>Dijo que cada uno de los que reciben la distinci\u00f3n tienen m\u00e9ritos por su trayectoria en el ejercicio del periodismo que realizan desde Santiago, para toda la regi\u00f3n norte y el pa\u00eds, a trav\u00e9s de los respectivos medios para los cuales laboran.<\/p>\n<p>Las palabras de agradecimiento a nombre del grupo de los reconocidos las pronunci\u00f3 el veterano periodista Ram\u00f3n Lora, quien valor\u00f3 la iniciativa del gremio por tomar en cuenta la labor de cada uno de los profesionales del periodismo al servicio de la sociedad dominicana.<\/p>\n<p>En el acto particip\u00f3 el director de la Sociedad de la Palabra Multimedia, Lennys Tejada Betancourt, quien pronunci\u00f3 las palabras de bienvenida, as\u00ed como directivos del gremio period\u00edstico, familiares e invitados especiales que acompa\u00f1aron a los homenajeados.<\/p>\n<figure id=\"attachment_12782\" aria-describedby=\"caption-attachment-12782\" style=\"width: 300px\" class=\"wp-caption alignleft\"><a href=\"http:\/\/hormigaradio.com\/wp-content\/uploads\/2021\/04\/WhatsApp-Image-2021-04-13-at-12.56.36-AM.jpeg\"><img loading=\"lazy\" class=\"wp-image-12782 size-medium\" src=\"http:\/\/hormigaradio.com\/wp-content\/uploads\/2021\/04\/WhatsApp-Image-2021-04-13-at-12.56.36-AM-300x225.jpeg\" alt=\"\" width=\"300\" height=\"225\" srcset=\"https:\/\/hormigaradio.com\/wp-content\/uploads\/2021\/04\/WhatsApp-Image-2021-04-13-at-12.56.36-AM-300x225.jpeg 300w, https:\/\/hormigaradio.com\/wp-content\/uploads\/2021\/04\/WhatsApp-Image-2021-04-13-at-12.56.36-AM-768x575.jpeg 768w, https:\/\/hormigaradio.com\/wp-content\/uploads\/2021\/04\/WhatsApp-Image-2021-04-13-at-12.56.36-AM-1024x766.jpeg 1024w, https:\/\/hormigaradio.com\/wp-content\/uploads\/2021\/04\/WhatsApp-Image-2021-04-13-at-12.56.36-AM.jpeg 1280w\" sizes=\"(max-width: 300px) 100vw, 300px\" \/><\/a><figcaption id=\"caption-attachment-12782\" class=\"wp-caption-text\"><em><strong>Lennin, Rafael Monsanto y Jos\u00e9 Alfredo Espinal.<\/strong><\/em><\/figcaption><\/figure>\n<figure id=\"attachment_12780\" aria-describedby=\"caption-attachment-12780\" style=\"width: 300px\" class=\"wp-caption alignleft\"><a href=\"http:\/\/hormigaradio.com\/wp-content\/uploads\/2021\/04\/WhatsApp-Image-2021-04-13-at-1.00.55-AM-3.jpeg\"><img loading=\"lazy\" class=\"wp-image-12780 size-medium\" src=\"http:\/\/hormigaradio.com\/wp-content\/uploads\/2021\/04\/WhatsApp-Image-2021-04-13-at-1.00.55-AM-3-300x229.jpeg\" alt=\"\" width=\"300\" height=\"229\" srcset=\"https:\/\/hormigaradio.com\/wp-content\/uploads\/2021\/04\/WhatsApp-Image-2021-04-13-at-1.00.55-AM-3-300x229.jpeg 300w, https:\/\/hormigaradio.com\/wp-content\/uploads\/2021\/04\/WhatsApp-Image-2021-04-13-at-1.00.55-AM-3-768x586.jpeg 768w, https:\/\/hormigaradio.com\/wp-content\/uploads\/2021\/04\/WhatsApp-Image-2021-04-13-at-1.00.55-AM-3-345x265.jpeg 345w, https:\/\/hormigaradio.com\/wp-content\/uploads\/2021\/04\/WhatsApp-Image-2021-04-13-at-1.00.55-AM-3.jpeg 960w\" sizes=\"(max-width: 300px) 100vw, 300px\" \/><\/a><figcaption id=\"caption-attachment-12780\" class=\"wp-caption-text\"><strong>Ram\u00f3n Bierd, Yenny Acevedo y Jos\u00e9 Alfredo Espinal.<\/strong><\/figcaption><\/figure>\n<p>&nbsp;<\/p>\n<p>&nbsp;<\/p>\n<p>Impactos: 82<\/p>","protected":false},"excerpt":{"rendered":"<p>H.R. El Sindicato Nacional de Trabajadores de la Prensa (SNTP), filial Santiago, entreg\u00f3 placas de reconocimiento a seis profesionales del periodismo de esta ciudad,<\/p>\n","protected":false},"author":3,"featured_media":12776,"comment_status":"open","ping_status":"closed","sticky":false,"template":"","format":"standard","meta":[],"categories":[3],"tags":[],"_links":{"self":[{"href":"https:\/\/hormigaradio.com\/index.php?rest_route=\/wp\/v2\/posts\/12774"}],"collection":[{"href":"https:\/\/hormigaradio.com\/index.php?rest_route=\/wp\/v2\/posts"}],"about":[{"href":"https:\/\/hormigaradio.com\/index.php?rest_route=\/wp\/v2\/types\/post"}],"author":[{"embeddable":true,"href":"https:\/\/hormigaradio.com\/index.php?rest_route=\/wp\/v2\/users\/3"}],"replies":[{"embeddable":true,"href":"https:\/\/hormigaradio.com\/index.php?rest_route=%2Fwp%2Fv2%2Fcomments&post=12774"}],"version-history":[{"count":3,"href":"https:\/\/hormigaradio.com\/index.php?rest_route=\/wp\/v2\/posts\/12774\/revisions"}],"predecessor-version":[{"id":12783,"href":"https:\/\/hormigaradio.com\/index.php?rest_route=\/wp\/v2\/posts\/12774\/revisions\/12783"}],"wp:featuredmedia":[{"embeddable":true,"href":"https:\/\/hormigaradio.com\/index.php?rest_route=\/wp\/v2\/media\/12776"}],"wp:attachment":[{"href":"https:\/\/hormigaradio.com\/index.php?rest_route=%2Fwp%2Fv2%2Fmedia&parent=12774"}],"wp:term":[{"taxonomy":"category","embeddable":true,"href":"https:\/\/hormigaradio.com\/index.php?rest_route=%2Fwp%2Fv2%2Fcategories&post=12774"},{"taxonomy":"post_tag","embeddable":true,"href":"https:\/\/hormigaradio.com\/index.php?rest_route=%2Fwp%2Fv2%2Ftags&post=12774"}],"curies":[{"name":"wp","href":"https:\/\/api.w.org\/{rel}","templated":true}]}}