{"id":12791,"date":"2021-04-15T18:44:53","date_gmt":"2021-04-15T18:44:53","guid":{"rendered":"http:\/\/hormigaradio.com\/?p=12791"},"modified":"2021-04-15T18:53:00","modified_gmt":"2021-04-15T18:53:00","slug":"nuevo-queda-desde-este-16-de-abril-decreto-230-21","status":"publish","type":"post","link":"https:\/\/hormigaradio.com\/?p=12791","title":{"rendered":"NUEVO TOQUE DE QUEDA DESDE ESTE 16 DE ABRIL (Decreto 230\/21)"},"content":{"rendered":"<div class=\"article-body-content\">\n<p>Por\u00a0<a class=\"text-font font-700\" href=\"https:\/\/acento.com.do\/autor\/index.html?user_slug=servicios\">SERVICIOS DE ACENTO.COM.DO<\/a><\/p>\n<p>SANTO DOMINGO, Rep\u00fablica Dominicana.- El Poder Ejecutivo prorrog\u00f3 este jueves por un per\u00edodo de 45 d\u00edas, a partir del 16 de abril, el estado de emergencia declarado en el territorio nacional para combatir la covid-19.<\/p>\n<p>Asimismo, inform\u00f3 que se mantendr\u00e1n\u00a0vigentes todas las medidas de distanciamiento social, as\u00ed como los horarios de toque de queda desde este 16 de abril hasta el domingo 16 de mayo, medidas que ser\u00e1n revisadas en su momento por las autoridades.<\/p>\n<p>El horario de toque de queda en el territorio nacional continuar\u00e1 de lunes a viernes, desde las 9:00 de la noche hasta las 5:00 de la ma\u00f1ana, mientras que los s\u00e1bados y los domingos seguir\u00e1 a las 7:00 de la tarde hasta las 5:00 de la ma\u00f1ana.<\/p>\n<p>Las decisiones est\u00e1n contenidas en los decretos\u00a0230-21 y 231-21 emitidos el d\u00eda de hoy.<\/p>\n<p><iframe loading=\"lazy\" src=\"https:\/\/drive.google.com\/file\/d\/18G6Exwe2xrvv--_ivLyCoIFYbEpJoJF8\/preview\" width=\"640\" height=\"480\" data-mce-fragment=\"1\"><\/iframe>A trav\u00e9s del decreto 230-21, el presidente Luis Abinader inform\u00f3\u00a0que el Poder Ejecutivo rendir\u00e1 informes peri\u00f3dicos al Congreso Nacional durante la vigencia del estado de emergencia, en cumplimiento del numeral 2 del art\u00edculo 266 de la Constituci\u00f3n y el art\u00edculo 29 de la ley 21-18 sobre regulaci\u00f3n de los estados de excepci\u00f3n.<\/p>\n<p><iframe loading=\"lazy\" src=\"https:\/\/drive.google.com\/file\/d\/1tDVj6VqKD67dnqkuiACCpnI3-dUcQMWR\/preview\" width=\"640\" height=\"480\" data-mce-fragment=\"1\"><\/iframe><\/p>\n<\/div>\n<div id=\"tags\" class=\"tags flex-container align-center flex-wrap\">ec<\/div>\n<div id=\"comentarios\" class=\"\">\n<div id=\"comments1\" class=\"fb-comments hide fb_iframe_widget fb_iframe_widget_fluid_desktop\" data-href=\"https:\/\/acento.com.do\/salud\/poder-ejecutivo-prorroga-estado-de-emergencia-y-extiende-toque-de-queda-8934232.html\" data-numposts=\"5\" data-width=\"728\"><\/div>\n<\/div>\n<p>Impactos: 109<\/p>","protected":false},"excerpt":{"rendered":"<p>Por\u00a0SERVICIOS DE ACENTO.COM.DO SANTO DOMINGO, Rep\u00fablica Dominicana.- El Poder Ejecutivo prorrog\u00f3 este jueves por un per\u00edodo de 45 d\u00edas, a partir del 16 de<\/p>\n","protected":false},"author":3,"featured_media":12219,"comment_status":"open","ping_status":"closed","sticky":false,"template":"","format":"standard","meta":[],"categories":[3],"tags":[],"_links":{"self":[{"href":"https:\/\/hormigaradio.com\/index.php?rest_route=\/wp\/v2\/posts\/12791"}],"collection":[{"href":"https:\/\/hormigaradio.com\/index.php?rest_route=\/wp\/v2\/posts"}],"about":[{"href":"https:\/\/hormigaradio.com\/index.php?rest_route=\/wp\/v2\/types\/post"}],"author":[{"embeddable":true,"href":"https:\/\/hormigaradio.com\/index.php?rest_route=\/wp\/v2\/users\/3"}],"replies":[{"embeddable":true,"href":"https:\/\/hormigaradio.com\/index.php?rest_route=%2Fwp%2Fv2%2Fcomments&post=12791"}],"version-history":[{"count":4,"href":"https:\/\/hormigaradio.com\/index.php?rest_route=\/wp\/v2\/posts\/12791\/revisions"}],"predecessor-version":[{"id":12795,"href":"https:\/\/hormigaradio.com\/index.php?rest_route=\/wp\/v2\/posts\/12791\/revisions\/12795"}],"wp:featuredmedia":[{"embeddable":true,"href":"https:\/\/hormigaradio.com\/index.php?rest_route=\/wp\/v2\/media\/12219"}],"wp:attachment":[{"href":"https:\/\/hormigaradio.com\/index.php?rest_route=%2Fwp%2Fv2%2Fmedia&parent=12791"}],"wp:term":[{"taxonomy":"category","embeddable":true,"href":"https:\/\/hormigaradio.com\/index.php?rest_route=%2Fwp%2Fv2%2Fcategories&post=12791"},{"taxonomy":"post_tag","embeddable":true,"href":"https:\/\/hormigaradio.com\/index.php?rest_route=%2Fwp%2Fv2%2Ftags&post=12791"}],"curies":[{"name":"wp","href":"https:\/\/api.w.org\/{rel}","templated":true}]}}