{"id":12796,"date":"2021-04-17T16:00:57","date_gmt":"2021-04-17T16:00:57","guid":{"rendered":"http:\/\/hormigaradio.com\/?p=12796"},"modified":"2021-04-17T16:30:39","modified_gmt":"2021-04-17T16:30:39","slug":"no-hay-calidad-de-vida-sino-no-mejoramos-salud-sector-publico-y-privado-video","status":"publish","type":"post","link":"https:\/\/hormigaradio.com\/?p=12796","title":{"rendered":"\u201cNO HAY CALIDAD DE VIDA SINO NO MEJORAMOS SALUD SECTOR P\u00daBLICO Y PRIVADO\u201d (v\u00eddeo)"},"content":{"rendered":"<div class=\"article-body-content\">\n<p>Por\u00a0<a class=\"text-font font-700\" href=\"https:\/\/acento.com.do\/autor\/index.html?user_slug=mlaureano\">M\u00c1XIMO LAUREANO<\/a><\/p>\n<p>SANTIAGO DE LOS CABALLEROS, Rep\u00fablica Dominicana.- El presidente Luis Abinader destac\u00f3 la inversi\u00f3n en materia de salud en el sector privado en la ciudad de Santiago, lo cual asegur\u00f3 es un modelo de referencia en la Rep\u00fablica Dominicana y la regi\u00f3n.<\/p>\n<p>\u201cNo hay calidad de vida sino no mejoramos la calidad de la salud del sector p\u00fablico y del sector privado\u201d, sostuvo el mandatario durante el acto de inauguraci\u00f3n de nuevas habitaciones en el Hospital Metropolitano de Santiago (Homs), centro en el cual el estado dominicano hizo una inversi\u00f3n en 2005 para su terminaci\u00f3n.<\/p>\n<p>En relaci\u00f3n al coronavirus, el jefe de Estado dijo que Santiago tambi\u00e9n ha llevado la bandera en ese sentido,\u00a0 por la capacidad de respuesta ante los efectos de la enfermedad. En esta ciudad, el covid-19 ha cobrado la vida de 550 personas, tras el contagio de 127 mil 104 ciudadanos, seg\u00fan las cifras oficiales del ministerio de Salud P\u00fablica, en el bolet\u00edn 392 del 14 de abril.<\/p>\n<p>Abinader felicit\u00f3 a los trabajadores del sector salud que han trabajado en los procesos de seguimiento\u00a0 al coronavirus, tanto en el sector p\u00fablico como privado, por su entrega en favor de salvar la vida de muchos pacientes.<\/p>\n<p>En relaci\u00f3n a este tema, tambi\u00e9n habl\u00f3 el ministro\u00a0 de Salud P\u00fablica, Daniel Rivera, quien destac\u00f3 que las condiciones de salud han ido de menos a m\u00e1s en\u00a0 la lucha contra el coronavirus.<\/p>\n<p>La agenda del presidente Luis Abinader tambi\u00e9n incluye una visita al\u00a0 hospital Uni\u00f3n M\u00e9dica del Norte, donde\u00a0 abrir\u00e1n nuevos espacios para los servicios de salud.<\/p>\n<p><iframe loading=\"lazy\" src=\"https:\/\/player.vimeo.com\/video\/537913052?color=ef0000\" width=\"640\" height=\"360\" frameborder=\"0\" allowfullscreen=\"allowfullscreen\" data-mce-fragment=\"1\"><\/iframe><\/p>\n<\/div>\n<div id=\"tags\" class=\"tags flex-container align-center flex-wrap\"><\/div>\n<p>Impactos: 1150<\/p>","protected":false},"excerpt":{"rendered":"<p>Por\u00a0M\u00c1XIMO LAUREANO SANTIAGO DE LOS CABALLEROS, Rep\u00fablica Dominicana.- El presidente Luis Abinader destac\u00f3 la inversi\u00f3n en materia de salud en el sector privado en<\/p>\n","protected":false},"author":3,"featured_media":12805,"comment_status":"open","ping_status":"closed","sticky":false,"template":"","format":"standard","meta":[],"categories":[3],"tags":[],"_links":{"self":[{"href":"https:\/\/hormigaradio.com\/index.php?rest_route=\/wp\/v2\/posts\/12796"}],"collection":[{"href":"https:\/\/hormigaradio.com\/index.php?rest_route=\/wp\/v2\/posts"}],"about":[{"href":"https:\/\/hormigaradio.com\/index.php?rest_route=\/wp\/v2\/types\/post"}],"author":[{"embeddable":true,"href":"https:\/\/hormigaradio.com\/index.php?rest_route=\/wp\/v2\/users\/3"}],"replies":[{"embeddable":true,"href":"https:\/\/hormigaradio.com\/index.php?rest_route=%2Fwp%2Fv2%2Fcomments&post=12796"}],"version-history":[{"count":2,"href":"https:\/\/hormigaradio.com\/index.php?rest_route=\/wp\/v2\/posts\/12796\/revisions"}],"predecessor-version":[{"id":12806,"href":"https:\/\/hormigaradio.com\/index.php?rest_route=\/wp\/v2\/posts\/12796\/revisions\/12806"}],"wp:featuredmedia":[{"embeddable":true,"href":"https:\/\/hormigaradio.com\/index.php?rest_route=\/wp\/v2\/media\/12805"}],"wp:attachment":[{"href":"https:\/\/hormigaradio.com\/index.php?rest_route=%2Fwp%2Fv2%2Fmedia&parent=12796"}],"wp:term":[{"taxonomy":"category","embeddable":true,"href":"https:\/\/hormigaradio.com\/index.php?rest_route=%2Fwp%2Fv2%2Fcategories&post=12796"},{"taxonomy":"post_tag","embeddable":true,"href":"https:\/\/hormigaradio.com\/index.php?rest_route=%2Fwp%2Fv2%2Ftags&post=12796"}],"curies":[{"name":"wp","href":"https:\/\/api.w.org\/{rel}","templated":true}]}}