{"id":12798,"date":"2021-04-17T16:22:51","date_gmt":"2021-04-17T16:22:51","guid":{"rendered":"http:\/\/hormigaradio.com\/?p=12798"},"modified":"2021-04-17T16:26:22","modified_gmt":"2021-04-17T16:26:22","slug":"modifican-toque-de-queda-en-menos-de-24-horas-y-los-nuevos-horarios-son","status":"publish","type":"post","link":"https:\/\/hormigaradio.com\/?p=12798","title":{"rendered":"MODIFICAN TOQUE DE QUEDA EN MENOS DE 24 HORAS Y  LOS NUEVOS HORARIOS  A PARTIR DEL LUNES SON&#8230;"},"content":{"rendered":"<p><strong>H.R.<\/strong><\/p>\n<p>El presidente Luis Abinader promulg\u00f3 el decreto 253-21 que tiene por \u00fanico objeto disponer la variaci\u00f3n del horario del toque de queda vigente, establecido en el decreto 133-21 de fecha 1 de marzo de 2021 y prorrogado por el decreto 231-21 de fecha 14 de abril del a\u00f1o 2021.<\/p>\n<p>En el art\u00edculo 2, este decreto establece que el toque de queda en el territorio nacional es de lunes a viernes desde las 10:00 p.m hasta las 5:00 a.m y los s\u00e1bados y domingos desde las 9:00 p.m hasta las 5:00 a.m.<\/p>\n<p>Del mismo modo, explica tambi\u00e9n que se dispondr\u00e1 de una gracia de libre circulaci\u00f3n hasta las 12:00 a.m todos los d\u00edas, con el \u00fanico prop\u00f3sito de que las personas puedan dirigirse a sus respectivas residencias.<\/p>\n<p><a href=\"http:\/\/hormigaradio.com\/wp-content\/uploads\/2021\/04\/Decreto-253-21.pdf\">Decreto 253-21<\/a><\/p>\n<p>Impactos: 99<\/p>","protected":false},"excerpt":{"rendered":"<p>H.R. El presidente Luis Abinader promulg\u00f3 el decreto 253-21 que tiene por \u00fanico objeto disponer la variaci\u00f3n del horario del toque de queda vigente,<\/p>\n","protected":false},"author":3,"featured_media":12800,"comment_status":"open","ping_status":"closed","sticky":false,"template":"","format":"standard","meta":[],"categories":[3],"tags":[],"_links":{"self":[{"href":"https:\/\/hormigaradio.com\/index.php?rest_route=\/wp\/v2\/posts\/12798"}],"collection":[{"href":"https:\/\/hormigaradio.com\/index.php?rest_route=\/wp\/v2\/posts"}],"about":[{"href":"https:\/\/hormigaradio.com\/index.php?rest_route=\/wp\/v2\/types\/post"}],"author":[{"embeddable":true,"href":"https:\/\/hormigaradio.com\/index.php?rest_route=\/wp\/v2\/users\/3"}],"replies":[{"embeddable":true,"href":"https:\/\/hormigaradio.com\/index.php?rest_route=%2Fwp%2Fv2%2Fcomments&post=12798"}],"version-history":[{"count":4,"href":"https:\/\/hormigaradio.com\/index.php?rest_route=\/wp\/v2\/posts\/12798\/revisions"}],"predecessor-version":[{"id":12804,"href":"https:\/\/hormigaradio.com\/index.php?rest_route=\/wp\/v2\/posts\/12798\/revisions\/12804"}],"wp:featuredmedia":[{"embeddable":true,"href":"https:\/\/hormigaradio.com\/index.php?rest_route=\/wp\/v2\/media\/12800"}],"wp:attachment":[{"href":"https:\/\/hormigaradio.com\/index.php?rest_route=%2Fwp%2Fv2%2Fmedia&parent=12798"}],"wp:term":[{"taxonomy":"category","embeddable":true,"href":"https:\/\/hormigaradio.com\/index.php?rest_route=%2Fwp%2Fv2%2Fcategories&post=12798"},{"taxonomy":"post_tag","embeddable":true,"href":"https:\/\/hormigaradio.com\/index.php?rest_route=%2Fwp%2Fv2%2Ftags&post=12798"}],"curies":[{"name":"wp","href":"https:\/\/api.w.org\/{rel}","templated":true}]}}