{"id":12807,"date":"2021-04-17T16:35:00","date_gmt":"2021-04-17T16:35:00","guid":{"rendered":"http:\/\/hormigaradio.com\/?p=12807"},"modified":"2021-04-17T16:45:55","modified_gmt":"2021-04-17T16:45:55","slug":"el-regreso-del-dios-de-la-isla-reclamo-de-catorce-expositores","status":"publish","type":"post","link":"https:\/\/hormigaradio.com\/?p=12807","title":{"rendered":"\u201cEL REGRESO DEL DIOS DE LA ISLA\u201d, RECLAMO DE CATORCE EXPOSITORES"},"content":{"rendered":"<p>Por\u00a0<a class=\"text-font font-700\" href=\"https:\/\/acento.com.do\/autor\/index.html?user_slug=mlaureano\">M\u00c1XIMO LAUREANO<\/a><\/p>\n<p><a href=\"http:\/\/hormigaradio.com\/wp-content\/uploads\/2021\/04\/DSC_0150.jpg\"><img loading=\"lazy\" class=\"aligncenter wp-image-12810 size-large\" src=\"http:\/\/hormigaradio.com\/wp-content\/uploads\/2021\/04\/DSC_0150-1024x684.jpg\" alt=\"\" width=\"715\" height=\"478\" srcset=\"https:\/\/hormigaradio.com\/wp-content\/uploads\/2021\/04\/DSC_0150-1024x684.jpg 1024w, https:\/\/hormigaradio.com\/wp-content\/uploads\/2021\/04\/DSC_0150-300x201.jpg 300w, https:\/\/hormigaradio.com\/wp-content\/uploads\/2021\/04\/DSC_0150-768x513.jpg 768w\" sizes=\"(max-width: 715px) 100vw, 715px\" \/><\/a><\/p>\n<p>SANTIAGO DE LOS CABALLEROS, Rep\u00fablica Dominicana.- Catorce artistas, gestores culturales e intelectuales encabezaron la exposici\u00f3n colectiva\u00a0\u201cEl regreso del Dios de la isla\u201d, en Casa de Arte.<\/p>\n<p>Se trata de un proyecto que tiene como finalidad la promoci\u00f3n de la identificaci\u00f3n del patrimonio cultural y exigir que sea devueltos a pa\u00eds aquellas piezas que se encuentran en el exterior.<\/p>\n<p>\u201cEn esta ocasi\u00f3n, nos referimos espec\u00edficamente a la exigencia de que retorne a nuestra Rep\u00fablica Dominicana, el cem\u00ed de algod\u00f3n, un ser simb\u00f3lico de nuestra identidad y patrimonio original de la isla\u201d, establecen los protagonistas de muestra de arte.<\/p>\n<p>Josu\u00e9 G\u00f3mez, Sara P\u00e9rez, Jes\u00fas de la Cruz, Juan Guti\u00e9rrez, Yssamer Peralta, Joan Vidal, Carlos Junior Ramos, Jairo Ferreira, Luis Eduardo Peralta, Omar Hern\u00e1ndez, Macho Joel Ferm\u00edn, Pedro Cofess\u00ed y Wali Vidal, representan el Moviart Contempor\u00e1neo, en Case del Arte, ubicada en el boulevard de los artistas, en la calle Benito Monci\u00f3n, Santiago de los Caballeros.<\/p>\n<p>Procuran llamar la atenci\u00f3n de las autoridades para que no desaparezcan los aspectos que vinculan la dominicanidad con la cultura ta\u00edna.<\/p>\n<p>\u201cEl Dios de la Isla es una de las obras que desmonta la err\u00f3nea versi\u00f3n de que los ta\u00ednos carec\u00edan de civilizaci\u00f3n, con lo que impl\u00edcitamente se pretend\u00eda justificar un exterminio, una anulaci\u00f3n\u201d, refieren los artistas.<\/p>\n<p>La exposici\u00f3n \u201cEl regreso del Dios de la isla\u201d est\u00e1 abierta al p\u00fablico, desde\u00a0 el 16 de abril del 2021, en Casa de Arte<\/p>\n<p>Impactos: 1309<\/p>","protected":false},"excerpt":{"rendered":"<p>Por\u00a0M\u00c1XIMO LAUREANO SANTIAGO DE LOS CABALLEROS, Rep\u00fablica Dominicana.- Catorce artistas, gestores culturales e intelectuales encabezaron la exposici\u00f3n colectiva\u00a0\u201cEl regreso del Dios de la isla\u201d,<\/p>\n","protected":false},"author":3,"featured_media":12811,"comment_status":"open","ping_status":"closed","sticky":false,"template":"","format":"standard","meta":[],"categories":[4],"tags":[],"_links":{"self":[{"href":"https:\/\/hormigaradio.com\/index.php?rest_route=\/wp\/v2\/posts\/12807"}],"collection":[{"href":"https:\/\/hormigaradio.com\/index.php?rest_route=\/wp\/v2\/posts"}],"about":[{"href":"https:\/\/hormigaradio.com\/index.php?rest_route=\/wp\/v2\/types\/post"}],"author":[{"embeddable":true,"href":"https:\/\/hormigaradio.com\/index.php?rest_route=\/wp\/v2\/users\/3"}],"replies":[{"embeddable":true,"href":"https:\/\/hormigaradio.com\/index.php?rest_route=%2Fwp%2Fv2%2Fcomments&post=12807"}],"version-history":[{"count":6,"href":"https:\/\/hormigaradio.com\/index.php?rest_route=\/wp\/v2\/posts\/12807\/revisions"}],"predecessor-version":[{"id":12815,"href":"https:\/\/hormigaradio.com\/index.php?rest_route=\/wp\/v2\/posts\/12807\/revisions\/12815"}],"wp:featuredmedia":[{"embeddable":true,"href":"https:\/\/hormigaradio.com\/index.php?rest_route=\/wp\/v2\/media\/12811"}],"wp:attachment":[{"href":"https:\/\/hormigaradio.com\/index.php?rest_route=%2Fwp%2Fv2%2Fmedia&parent=12807"}],"wp:term":[{"taxonomy":"category","embeddable":true,"href":"https:\/\/hormigaradio.com\/index.php?rest_route=%2Fwp%2Fv2%2Fcategories&post=12807"},{"taxonomy":"post_tag","embeddable":true,"href":"https:\/\/hormigaradio.com\/index.php?rest_route=%2Fwp%2Fv2%2Ftags&post=12807"}],"curies":[{"name":"wp","href":"https:\/\/api.w.org\/{rel}","templated":true}]}}