{"id":12824,"date":"2021-04-19T04:58:06","date_gmt":"2021-04-19T04:58:06","guid":{"rendered":"http:\/\/hormigaradio.com\/?p=12824"},"modified":"2021-04-19T04:58:06","modified_gmt":"2021-04-19T04:58:06","slug":"reconocen-a-milagros-mendez-como-locutora-destacada","status":"publish","type":"post","link":"https:\/\/hormigaradio.com\/?p=12824","title":{"rendered":"RECONOCEN A    MILAGROS M\u00c9NDEZ   COMO LOCUTORA  DESTACADA"},"content":{"rendered":"<p><strong>Jos\u00e9 Armando Toribio\/firma invitada.<\/strong><\/p>\n<figure id=\"attachment_12825\" aria-describedby=\"caption-attachment-12825\" style=\"width: 225px\" class=\"wp-caption alignleft\"><a href=\"http:\/\/hormigaradio.com\/wp-content\/uploads\/2021\/04\/WhatsApp-Image-2021-04-17-at-11.19.46-PM.jpeg\"><img loading=\"lazy\" class=\"wp-image-12825 size-medium\" src=\"http:\/\/hormigaradio.com\/wp-content\/uploads\/2021\/04\/WhatsApp-Image-2021-04-17-at-11.19.46-PM-225x300.jpeg\" alt=\"\" width=\"225\" height=\"300\" srcset=\"https:\/\/hormigaradio.com\/wp-content\/uploads\/2021\/04\/WhatsApp-Image-2021-04-17-at-11.19.46-PM-225x300.jpeg 225w, https:\/\/hormigaradio.com\/wp-content\/uploads\/2021\/04\/WhatsApp-Image-2021-04-17-at-11.19.46-PM-768x1026.jpeg 768w, https:\/\/hormigaradio.com\/wp-content\/uploads\/2021\/04\/WhatsApp-Image-2021-04-17-at-11.19.46-PM-766x1024.jpeg 766w, https:\/\/hormigaradio.com\/wp-content\/uploads\/2021\/04\/WhatsApp-Image-2021-04-17-at-11.19.46-PM.jpeg 958w\" sizes=\"(max-width: 225px) 100vw, 225px\" \/><\/a><figcaption id=\"caption-attachment-12825\" class=\"wp-caption-text\"><em><strong>Milagros M\u00e9ndez.<\/strong><\/em><\/figcaption><\/figure>\n<p>&nbsp;<\/p>\n<p>El Colegio Dominicano de Locutores, en la s\u00e9ptima edici\u00f3n del Premio Nacional del Locutor, hizo un merecido reconocimiento a Milagros M\u00e9ndez como locutora destacada en la Regi\u00f3n Norte por sus aportes a la locuci\u00f3n y a la comunicaci\u00f3n social del Cibao.<\/p>\n<p>El locutor Nelson Guti\u00e9rrez, fundador y presidente actual del Colegio Dominicano de Locutores, acompa\u00f1ado del destacado locutor Rodolfo Espinal y otros miembros del gremio entregaron el pergamino a Milagros M\u00e9ndez quien agradeci\u00f3 a los organizadores del evento por el reconocimiento.<\/p>\n<p>El fundador y presidente actual del Colegio Dominicano de Locutores, Nelson Guti\u00e9rrez, al momento de hacer entrega del reconocimiento expres\u00f3 el orgullo que siente el Colegio de Locutores Dominicanos de tener una dama con la calidad y condici\u00f3n de Milagros M\u00e9ndez, quien con su corta trayectoria y sus aportes a la comunicaci\u00f3n ha logrado ser ente de referencia para el sector locutoril.<br \/>\nLuego del Reconocimiento la joven Locutora Milagros M\u00e9ndez, manifest\u00f3 que su reconocimiento se lo dedica al populoso y destacado locutor y comunicador Nelson Javier (Cocodrilo) quien ha sido un gu\u00eda y padre en su carrera.<\/p>\n<p>El Premio Nacional del Locutor en su edici\u00f3n 2021 fue dedicado al destacado locutor Rodolfo Espinal quien suma 50 a\u00f1os frente a los micr\u00f3fonos en Rep\u00fablica Dominicana.<br \/>\nSobre Milagros M\u00e9ndez<br \/>\nEs egresada de la carrera de Comunicaci\u00f3n Social menci\u00f3n Periodismo de la Universidad Aut\u00f3noma de Santo Domingo Recinto Santiago. Locutora profesional, Voz Comercial, maestra de ceremonias y locutora musical en Radio Disney Santiago 89.3 desde el a\u00f1o 2013. Con especialidad en Locuci\u00f3n Comercial Internacional, Locuci\u00f3n Narrativa y T\u00e9cnica de Espa\u00f1ol Neutro. Tambi\u00e9n en su formaci\u00f3n acad\u00e9mica ha cursado diplomados en Comunicaci\u00f3n Corporativa y Habilitaci\u00f3n Docente Universitaria y cuenta con maestr\u00eda en Comunicaci\u00f3n Pol\u00edtica Avanzada realizada en el Next Business School en conjunto con la Universidad de Lleida en Madrid, Espa\u00f1a.<br \/>\nEs coach de voz y facilitadora de contenidos de locuci\u00f3n para la academia M\u00e1s TV Talentos.<br \/>\nActualmente es la Voz en off del programa Buena Noche que se transmite a trav\u00e9s de TeleUniverso Canal 29 y ha tenido a su cargo la producci\u00f3n de los programas \u201cLos Candidatos\u201d (TV) y \u201cEntorno Pol\u00edtico\u201d (Radio). Voz Comercial de reconocidas marcas y empresas dominicanas.<br \/>\nHa tenido la oportunidad de ser la Voz en Off de eventos importantes como el Miss Fotog\u00e9nica RD 2018, Beauty Summit RD ediciones 2019 y 2020, Miss Santiago RD 2019, de las actividades que organiza Bepensa Dominicana y colaboradora de la Universidad Abierta para Adultos (UAPA).<\/p>\n<p>Impactos: 1473<\/p>","protected":false},"excerpt":{"rendered":"<p>Jos\u00e9 Armando Toribio\/firma invitada. &nbsp; El Colegio Dominicano de Locutores, en la s\u00e9ptima edici\u00f3n del Premio Nacional del Locutor, hizo un merecido reconocimiento a<\/p>\n","protected":false},"author":3,"featured_media":12826,"comment_status":"open","ping_status":"closed","sticky":false,"template":"","format":"standard","meta":[],"categories":[3],"tags":[],"_links":{"self":[{"href":"https:\/\/hormigaradio.com\/index.php?rest_route=\/wp\/v2\/posts\/12824"}],"collection":[{"href":"https:\/\/hormigaradio.com\/index.php?rest_route=\/wp\/v2\/posts"}],"about":[{"href":"https:\/\/hormigaradio.com\/index.php?rest_route=\/wp\/v2\/types\/post"}],"author":[{"embeddable":true,"href":"https:\/\/hormigaradio.com\/index.php?rest_route=\/wp\/v2\/users\/3"}],"replies":[{"embeddable":true,"href":"https:\/\/hormigaradio.com\/index.php?rest_route=%2Fwp%2Fv2%2Fcomments&post=12824"}],"version-history":[{"count":1,"href":"https:\/\/hormigaradio.com\/index.php?rest_route=\/wp\/v2\/posts\/12824\/revisions"}],"predecessor-version":[{"id":12827,"href":"https:\/\/hormigaradio.com\/index.php?rest_route=\/wp\/v2\/posts\/12824\/revisions\/12827"}],"wp:featuredmedia":[{"embeddable":true,"href":"https:\/\/hormigaradio.com\/index.php?rest_route=\/wp\/v2\/media\/12826"}],"wp:attachment":[{"href":"https:\/\/hormigaradio.com\/index.php?rest_route=%2Fwp%2Fv2%2Fmedia&parent=12824"}],"wp:term":[{"taxonomy":"category","embeddable":true,"href":"https:\/\/hormigaradio.com\/index.php?rest_route=%2Fwp%2Fv2%2Fcategories&post=12824"},{"taxonomy":"post_tag","embeddable":true,"href":"https:\/\/hormigaradio.com\/index.php?rest_route=%2Fwp%2Fv2%2Ftags&post=12824"}],"curies":[{"name":"wp","href":"https:\/\/api.w.org\/{rel}","templated":true}]}}