{"id":133,"date":"2017-11-17T23:35:17","date_gmt":"2017-11-17T23:35:17","guid":{"rendered":"http:\/\/hormigaradio.com\/?p=133"},"modified":"2017-11-17T23:35:17","modified_gmt":"2017-11-17T23:35:17","slug":"internan-a-fefita-la-grande-por-bronquitis-y-neumonia","status":"publish","type":"post","link":"https:\/\/hormigaradio.com\/?p=133","title":{"rendered":"Internan a \u201cFefita La Grande\u201d por bronquitis y neumon\u00eda"},"content":{"rendered":"<p><a href=\"https:\/\/acento.com.do\/author\/efe\/\">Efe\u00a0<\/a><\/p>\n<figure id=\"attachment_134\" aria-describedby=\"caption-attachment-134\" style=\"width: 300px\" class=\"wp-caption alignnone\"><img loading=\"lazy\" class=\"size-medium wp-image-134\" src=\"http:\/\/hormigaradio.com\/wp-content\/uploads\/2017\/11\/fefita-fefita-300x200.jpg\" alt=\"\" width=\"300\" height=\"200\" srcset=\"https:\/\/hormigaradio.com\/wp-content\/uploads\/2017\/11\/fefita-fefita-300x200.jpg 300w, https:\/\/hormigaradio.com\/wp-content\/uploads\/2017\/11\/fefita-fefita.jpg 500w\" sizes=\"(max-width: 300px) 100vw, 300px\" \/><figcaption id=\"caption-attachment-134\" class=\"wp-caption-text\">Fefita la Grande<br \/>Fecha:<\/figcaption><\/figure>\n<p>SANTIAGO DE LOS CABALLEROS, Rep\u00fablica Dominicana.- Fue ingresada en un centro m\u00e9dico de la ciudad de Santiago de los Caballeros la merenguera t\u00edpica Manuela Josefa Cabrera \u201cFefita La Grande\u201d, por presentar problemas respiratorios.<\/p>\n<p>Seg\u00fan los informes, Cabrera tiene bronquitis y neumon\u00eda, por lo cual est\u00e1 siendo atendida por la neum\u00f3loga Natalia Garc\u00eda en el centro Uni\u00f3n M\u00e9dica de la Ciudad Coraz\u00f3n.<\/p>\n<p>Recientemente, Fefita La Grande se present\u00f3 en el Festival Presidente, junto a Milly Quezada y Maridalia Hern\u00e1ndez.<\/p>\n<p>Adem\u00e1s particip\u00f3 en el tema \u201cLa Pimienta es la que Pica\u201d, tambi\u00e9n en colaboraci\u00f3n con Quezada y Hern\u00e1ndez.<\/p>\n<p>Impactos: 502<\/p>","protected":false},"excerpt":{"rendered":"<p>Efe\u00a0 SANTIAGO DE LOS CABALLEROS, Rep\u00fablica Dominicana.- Fue ingresada en un centro m\u00e9dico de la ciudad de Santiago de los Caballeros la merenguera t\u00edpica<\/p>\n","protected":false},"author":3,"featured_media":134,"comment_status":"open","ping_status":"closed","sticky":false,"template":"","format":"standard","meta":[],"categories":[4],"tags":[],"_links":{"self":[{"href":"https:\/\/hormigaradio.com\/index.php?rest_route=\/wp\/v2\/posts\/133"}],"collection":[{"href":"https:\/\/hormigaradio.com\/index.php?rest_route=\/wp\/v2\/posts"}],"about":[{"href":"https:\/\/hormigaradio.com\/index.php?rest_route=\/wp\/v2\/types\/post"}],"author":[{"embeddable":true,"href":"https:\/\/hormigaradio.com\/index.php?rest_route=\/wp\/v2\/users\/3"}],"replies":[{"embeddable":true,"href":"https:\/\/hormigaradio.com\/index.php?rest_route=%2Fwp%2Fv2%2Fcomments&post=133"}],"version-history":[{"count":1,"href":"https:\/\/hormigaradio.com\/index.php?rest_route=\/wp\/v2\/posts\/133\/revisions"}],"predecessor-version":[{"id":135,"href":"https:\/\/hormigaradio.com\/index.php?rest_route=\/wp\/v2\/posts\/133\/revisions\/135"}],"wp:featuredmedia":[{"embeddable":true,"href":"https:\/\/hormigaradio.com\/index.php?rest_route=\/wp\/v2\/media\/134"}],"wp:attachment":[{"href":"https:\/\/hormigaradio.com\/index.php?rest_route=%2Fwp%2Fv2%2Fmedia&parent=133"}],"wp:term":[{"taxonomy":"category","embeddable":true,"href":"https:\/\/hormigaradio.com\/index.php?rest_route=%2Fwp%2Fv2%2Fcategories&post=133"},{"taxonomy":"post_tag","embeddable":true,"href":"https:\/\/hormigaradio.com\/index.php?rest_route=%2Fwp%2Fv2%2Ftags&post=133"}],"curies":[{"name":"wp","href":"https:\/\/api.w.org\/{rel}","templated":true}]}}