{"id":13357,"date":"2021-06-21T20:30:23","date_gmt":"2021-06-21T20:30:23","guid":{"rendered":"http:\/\/hormigaradio.com\/?p=13357"},"modified":"2021-06-21T20:30:23","modified_gmt":"2021-06-21T20:30:23","slug":"investigan-a-rosalba-ramos-por-manejo-irregular-del-caso-de-cesar-el-abusador","status":"publish","type":"post","link":"https:\/\/hormigaradio.com\/?p=13357","title":{"rendered":"INVESTIGAN A ROSALBA RAMOS POR MANEJO IRREGULAR DEL CASO DE C\u00c9SAR EL ABUSADOR"},"content":{"rendered":"<p>Por\u00a0<a class=\"text-font font-700\" href=\"https:\/\/acento.com.do\/autor\/index.html?user_slug=servicios\">SERVICIOS DE ACENTO.COM.DO<\/a><\/p>\n<p>SANTO DOMINGO, Rep\u00fablica Dominicana.- El procurador adjunto Juan Medina de los Santos inform\u00f3 este lunes que\u00a0la Inspector\u00eda General del Ministerio P\u00fablico lleva una investigaci\u00f3n disciplinaria contra la fiscal Rosalba Ramos relativa al caso de C\u00e9sar Emilio Peralta (C\u00e9sar el Abusador), denuncias sobre compras y contrataciones de la Fiscal\u00eda del Distrito Nacional, as\u00ed como de otras acciones.<\/p>\n<p><img src=\"https:\/\/acento.com.do\/media\/storage02\/uploads\/2021\/06\/rosalba-ramos-02-24-728x410.webp\" data-desktop=\"https:\/\/acento.com.do\/media\/storage02\/uploads\/2021\/06\/rosalba-ramos-02-24-728x410.webp\" data-mobile=\"https:\/\/acento.com.do\/media\/storage02\/uploads\/2021\/06\/rosalba-ramos-02-24-400x225.webp\" \/><\/p>\n<p>Medina de los Santos indic\u00f3 que en el caso de la fiscal del Distrito Nacional, como con otros integrantes del Ministerio P\u00fablico, solo cumple con sus obligaciones legales de agotar las investigaciones disciplinarias internas correspondientes.<\/p>\n<p>Dej\u00f3 claro que hace referencia a la investigaci\u00f3n porque la decisi\u00f3n de abordar los temas internos sobre el proceso la tom\u00f3 primero Ramos, con un documento que entreg\u00f3 a la prensa y que luego hizo llegar a la Procuradur\u00eda General de la Rep\u00fablica.<\/p>\n<p>Sostuvo que seguir\u00e1 cumpliendo con su deber apegado a las normas aunque dejar\u00e1 de referirse a ese caso en espec\u00edfico para permitir que las investigaciones internas sigan su curso.<\/p>\n<p>Medina de los Santos aprovech\u00f3 la ocasi\u00f3n para desmentir que la Inspector\u00eda General del Ministerio P\u00fablico busque silenciar a los fiscales, como de forma aviesa, plantea Ramos en un documento que deposit\u00f3 a las 8:59 de la ma\u00f1ana de este lunes en la Secretar\u00eda General del Ministerio P\u00fablico, pero que ya estaba rese\u00f1ado por la edici\u00f3n impresa de un importante matutino.<\/p>\n<p>En ese contexto, valor\u00f3 el hecho de que, desde que inici\u00f3 su gesti\u00f3n al frente del Ministerio P\u00fablico, la magistrada Miriam Germ\u00e1n Brito dej\u00f3 claramente establecido que los fiscales pueden y tienen el deber de rendir cuentas a la ciudadan\u00eda sobre los casos que manejan, aunque siempre de manera oportuna y sin afectaci\u00f3n de derechos de las partes involucradas.<\/p>\n<p>\u201cA diferencia de la gesti\u00f3n pasada de la Procuradur\u00eda General, en la que se prohibi\u00f3 expresamente a los fiscales, mediante una orden escrita, ofrecer cualquier declaraci\u00f3n a la prensa, ahora lo que todos valoramos es un clima de respeto y apertura institucional\u201d, dijo, en referencia a una instrucci\u00f3n impartida por el entonces procurador Jean Alain Rodr\u00edguez, en fecha 4 de abril de 2017<\/p>\n<p>Impactos: 40<\/p>","protected":false},"excerpt":{"rendered":"<p>Por\u00a0SERVICIOS DE ACENTO.COM.DO SANTO DOMINGO, Rep\u00fablica Dominicana.- El procurador adjunto Juan Medina de los Santos inform\u00f3 este lunes que\u00a0la Inspector\u00eda General del Ministerio P\u00fablico<\/p>\n","protected":false},"author":3,"featured_media":3298,"comment_status":"open","ping_status":"closed","sticky":false,"template":"","format":"standard","meta":[],"categories":[3],"tags":[],"_links":{"self":[{"href":"https:\/\/hormigaradio.com\/index.php?rest_route=\/wp\/v2\/posts\/13357"}],"collection":[{"href":"https:\/\/hormigaradio.com\/index.php?rest_route=\/wp\/v2\/posts"}],"about":[{"href":"https:\/\/hormigaradio.com\/index.php?rest_route=\/wp\/v2\/types\/post"}],"author":[{"embeddable":true,"href":"https:\/\/hormigaradio.com\/index.php?rest_route=\/wp\/v2\/users\/3"}],"replies":[{"embeddable":true,"href":"https:\/\/hormigaradio.com\/index.php?rest_route=%2Fwp%2Fv2%2Fcomments&post=13357"}],"version-history":[{"count":1,"href":"https:\/\/hormigaradio.com\/index.php?rest_route=\/wp\/v2\/posts\/13357\/revisions"}],"predecessor-version":[{"id":13358,"href":"https:\/\/hormigaradio.com\/index.php?rest_route=\/wp\/v2\/posts\/13357\/revisions\/13358"}],"wp:featuredmedia":[{"embeddable":true,"href":"https:\/\/hormigaradio.com\/index.php?rest_route=\/wp\/v2\/media\/3298"}],"wp:attachment":[{"href":"https:\/\/hormigaradio.com\/index.php?rest_route=%2Fwp%2Fv2%2Fmedia&parent=13357"}],"wp:term":[{"taxonomy":"category","embeddable":true,"href":"https:\/\/hormigaradio.com\/index.php?rest_route=%2Fwp%2Fv2%2Fcategories&post=13357"},{"taxonomy":"post_tag","embeddable":true,"href":"https:\/\/hormigaradio.com\/index.php?rest_route=%2Fwp%2Fv2%2Ftags&post=13357"}],"curies":[{"name":"wp","href":"https:\/\/api.w.org\/{rel}","templated":true}]}}