{"id":13359,"date":"2021-06-23T03:50:28","date_gmt":"2021-06-23T03:50:28","guid":{"rendered":"http:\/\/hormigaradio.com\/?p=13359"},"modified":"2021-06-23T03:53:36","modified_gmt":"2021-06-23T03:53:36","slug":"gobierno-extiende-toque-de-queda-hast-ael-30-de-junio-con-las-mismas-reglas","status":"publish","type":"post","link":"https:\/\/hormigaradio.com\/?p=13359","title":{"rendered":"GOBIERNO EXTIENDE TOQUE DE QUEDA HAST AEL 30 DE JUNIO CON LAS MISMAS REGLAS"},"content":{"rendered":"<div class=\"article-body-content\">\n<p>Por\u00a0<a class=\"text-font font-700\" href=\"https:\/\/acento.com.do\/autor\/index.html?user_slug=servicios\">SERVICIOS DE ACENTO.COM.DO<\/a><\/p>\n<p>SANTO DOMINGO, Rep\u00fablica Dominicana.- El Poder Ejecutivo emiti\u00f3 este martes el decreto n\u00famero 398-21 con el que extiende hasta el pr\u00f3ximo 30 de junio el actual horario de toque de queda,\u00a0 que seguir\u00e1 siendo todos los d\u00edas desde las 6:00 de la tarde hasta las 5:00 de la ma\u00f1ana, con una gracia de libre circulaci\u00f3n hasta las 9:00 de la noche con el \u00fanico prop\u00f3sito de que las personas puedan dirigirse a sus respectivas residencias..<\/p>\n<p>La restricci\u00f3n de circulaci\u00f3n\u00a0para el Distrito Nacional y las siguientes 24 provincias: Azua, Bahoruco, Barahona, Dajab\u00f3n, El\u00edas Pi\u00f1a, El Seibo, Hato Mayor, Hermanas Miraba, Independencia, La Romana, Mar\u00eda Trinidad S\u00e1nchez, Monse\u00f1or Nouel, Monte Cristi, Monte Plata, Pedernales, Peravia, San Crist\u00f3bal, San Jos\u00e9 de Ocoa, San Juan, San Pedro de Macor\u00eds, S\u00e1nchez Ram\u00edrez, Santiago Rodr\u00edguez, Santo Domingo y Valverde.<\/p>\n<p>Mientras que en las siete provincias restantes (Duarte, Espaillat, La Altagracia, La Vega, Saman\u00e1, Santiago y Puerto Plata) el toque de queda se mantendr\u00e1 de lunes a viernes desde las 10:00 de la noche hasta las 5:00 de la ma\u00f1ana.<\/p>\n<p>Los s\u00e1bados y domingos el horario variar\u00e1 desde las 9:00 de la noche hasta las 5:00 de la ma\u00f1ana, con una gracia de libre circulaci\u00f3n hasta las 12:00 de la medianoche todos los d\u00edas.<\/p>\n<\/div>\n<div id=\"tags\" class=\"tags flex-container align-center flex-wrap\"><\/div>\n<p>Impactos: 44<\/p>","protected":false},"excerpt":{"rendered":"<p>Por\u00a0SERVICIOS DE ACENTO.COM.DO SANTO DOMINGO, Rep\u00fablica Dominicana.- El Poder Ejecutivo emiti\u00f3 este martes el decreto n\u00famero 398-21 con el que extiende hasta el pr\u00f3ximo<\/p>\n","protected":false},"author":3,"featured_media":10979,"comment_status":"open","ping_status":"closed","sticky":false,"template":"","format":"standard","meta":[],"categories":[3],"tags":[],"_links":{"self":[{"href":"https:\/\/hormigaradio.com\/index.php?rest_route=\/wp\/v2\/posts\/13359"}],"collection":[{"href":"https:\/\/hormigaradio.com\/index.php?rest_route=\/wp\/v2\/posts"}],"about":[{"href":"https:\/\/hormigaradio.com\/index.php?rest_route=\/wp\/v2\/types\/post"}],"author":[{"embeddable":true,"href":"https:\/\/hormigaradio.com\/index.php?rest_route=\/wp\/v2\/users\/3"}],"replies":[{"embeddable":true,"href":"https:\/\/hormigaradio.com\/index.php?rest_route=%2Fwp%2Fv2%2Fcomments&post=13359"}],"version-history":[{"count":2,"href":"https:\/\/hormigaradio.com\/index.php?rest_route=\/wp\/v2\/posts\/13359\/revisions"}],"predecessor-version":[{"id":13361,"href":"https:\/\/hormigaradio.com\/index.php?rest_route=\/wp\/v2\/posts\/13359\/revisions\/13361"}],"wp:featuredmedia":[{"embeddable":true,"href":"https:\/\/hormigaradio.com\/index.php?rest_route=\/wp\/v2\/media\/10979"}],"wp:attachment":[{"href":"https:\/\/hormigaradio.com\/index.php?rest_route=%2Fwp%2Fv2%2Fmedia&parent=13359"}],"wp:term":[{"taxonomy":"category","embeddable":true,"href":"https:\/\/hormigaradio.com\/index.php?rest_route=%2Fwp%2Fv2%2Fcategories&post=13359"},{"taxonomy":"post_tag","embeddable":true,"href":"https:\/\/hormigaradio.com\/index.php?rest_route=%2Fwp%2Fv2%2Ftags&post=13359"}],"curies":[{"name":"wp","href":"https:\/\/api.w.org\/{rel}","templated":true}]}}