{"id":13365,"date":"2021-06-23T04:24:03","date_gmt":"2021-06-23T04:24:03","guid":{"rendered":"http:\/\/hormigaradio.com\/?p=13365"},"modified":"2021-06-23T04:29:38","modified_gmt":"2021-06-23T04:29:38","slug":"general-then-recoge-sus-maletas-por-cuarta-vez-en-santiago","status":"publish","type":"post","link":"https:\/\/hormigaradio.com\/?p=13365","title":{"rendered":"GENERAL THEN RECOGE SUS MALETAS POR CUARTA VEZ EN SANTIAGO"},"content":{"rendered":"<p>Por\u00a0<a class=\"text-font font-700\" href=\"https:\/\/acento.com.do\/autor\/index.html?user_slug=mlaureano\">M\u00c1XIMO LAUREANO<\/a><\/p>\n<p>SANTIAGO DE LOS CABALLEROS, Rep\u00fablica Dominicana.- El general Eduardo Alberto Then, quien ha ocupado la direcci\u00f3n de la Polic\u00eda Nacional en Santiago, dejar\u00e1 por cuarta vez la sede de la Regional Cibao Central la ma\u00f1ana de este mi\u00e9rcoles, al ser sustituido en esta plaza por orden del Poder Ejecutivo.<\/p>\n<p>Alberto Then, reconocido en Santiago por implementar operativos para desmantelar puestos de comida r\u00e1pida, establecer un c\u00f3digo de vestimenta para las mujeres que visitaban la Polic\u00eda y por recoger equipos de sonido en los barrios, acumula a su paso por Santiago una serie de conflictos, muchos de estos pendiente de soluci\u00f3n y esclarecimiento.<\/p>\n<p><a href=\"http:\/\/hormigaradio.com\/wp-content\/uploads\/2021\/01\/fachada-polica-CENTRAL-CIBAO-1.jpeg\"><img loading=\"lazy\" class=\"alignleft size-medium wp-image-12139\" src=\"http:\/\/hormigaradio.com\/wp-content\/uploads\/2021\/01\/fachada-polica-CENTRAL-CIBAO-1-300x168.jpeg\" alt=\"\" width=\"300\" height=\"168\" srcset=\"https:\/\/hormigaradio.com\/wp-content\/uploads\/2021\/01\/fachada-polica-CENTRAL-CIBAO-1-300x168.jpeg 300w, https:\/\/hormigaradio.com\/wp-content\/uploads\/2021\/01\/fachada-polica-CENTRAL-CIBAO-1.jpeg 715w\" sizes=\"(max-width: 300px) 100vw, 300px\" \/><\/a><\/p>\n<p>El general Then, quien en noviembre del 2015 culp\u00f3 a los periodistas de su salida de Santiago, ha ocupado tambi\u00e9n la plaza policial de las provincias Monse\u00f1or Nouel 8 (Bonao) y Duarte (San Francisco de Macor\u00eds) y ahora probablemente una direcci\u00f3n en la parte sur del pa\u00eds.<\/p>\n<p>Desde el inicio de su cuarta gesti\u00f3n en Santiago, en octubre del 2020, el general Then ha librado una batalla para hacer cumplir las reglas sanitarias dictadas por el Ministerio de Salud para la prevenci\u00f3n del coronavirus.<\/p>\n<p>La jefatura de Alberto Then en Santiago ser\u00eda ocupado desde este mi\u00e9rcoles por el general M\u00e1ximo B\u00e1ez Aybar<\/p>\n<p>&nbsp;<\/p>\n<p>Impactos: 46<\/p>","protected":false},"excerpt":{"rendered":"<p>Por\u00a0M\u00c1XIMO LAUREANO SANTIAGO DE LOS CABALLEROS, Rep\u00fablica Dominicana.- El general Eduardo Alberto Then, quien ha ocupado la direcci\u00f3n de la Polic\u00eda Nacional en Santiago,<\/p>\n","protected":false},"author":3,"featured_media":13366,"comment_status":"open","ping_status":"closed","sticky":false,"template":"","format":"standard","meta":[],"categories":[3],"tags":[],"_links":{"self":[{"href":"https:\/\/hormigaradio.com\/index.php?rest_route=\/wp\/v2\/posts\/13365"}],"collection":[{"href":"https:\/\/hormigaradio.com\/index.php?rest_route=\/wp\/v2\/posts"}],"about":[{"href":"https:\/\/hormigaradio.com\/index.php?rest_route=\/wp\/v2\/types\/post"}],"author":[{"embeddable":true,"href":"https:\/\/hormigaradio.com\/index.php?rest_route=\/wp\/v2\/users\/3"}],"replies":[{"embeddable":true,"href":"https:\/\/hormigaradio.com\/index.php?rest_route=%2Fwp%2Fv2%2Fcomments&post=13365"}],"version-history":[{"count":3,"href":"https:\/\/hormigaradio.com\/index.php?rest_route=\/wp\/v2\/posts\/13365\/revisions"}],"predecessor-version":[{"id":13370,"href":"https:\/\/hormigaradio.com\/index.php?rest_route=\/wp\/v2\/posts\/13365\/revisions\/13370"}],"wp:featuredmedia":[{"embeddable":true,"href":"https:\/\/hormigaradio.com\/index.php?rest_route=\/wp\/v2\/media\/13366"}],"wp:attachment":[{"href":"https:\/\/hormigaradio.com\/index.php?rest_route=%2Fwp%2Fv2%2Fmedia&parent=13365"}],"wp:term":[{"taxonomy":"category","embeddable":true,"href":"https:\/\/hormigaradio.com\/index.php?rest_route=%2Fwp%2Fv2%2Fcategories&post=13365"},{"taxonomy":"post_tag","embeddable":true,"href":"https:\/\/hormigaradio.com\/index.php?rest_route=%2Fwp%2Fv2%2Ftags&post=13365"}],"curies":[{"name":"wp","href":"https:\/\/api.w.org\/{rel}","templated":true}]}}