{"id":13479,"date":"2021-07-10T15:56:58","date_gmt":"2021-07-10T15:56:58","guid":{"rendered":"http:\/\/hormigaradio.com\/?p=13479"},"modified":"2021-07-10T15:56:58","modified_gmt":"2021-07-10T15:56:58","slug":"alma-adentro-elsa-nunez-exposicion-antologica","status":"publish","type":"post","link":"https:\/\/hormigaradio.com\/?p=13479","title":{"rendered":"ALMA ADENTRO: ELSA N\u00da\u00d1EZ EXPOSICI\u00d3N ANTOL\u00d3GICA"},"content":{"rendered":"<table border=\"0\" width=\"100%\" cellspacing=\"0\" cellpadding=\"0\">\n<tbody>\n<tr>\n<td valign=\"top\">\n<table class=\"m_-2985118818883257247mcnTextContentContainer\" border=\"0\" width=\"100%\" cellspacing=\"0\" cellpadding=\"0\" align=\"left\">\n<tbody>\n<tr>\n<td class=\"m_-2985118818883257247mcnTextContent\" valign=\"top\">\n<div><strong>H.R.<\/strong><\/div>\n<div><\/div>\n<div><strong>Santiago de los Caballeros, 9\u00a0de julio 2021.-<\/strong>\u00a0El arte no se detiene y el Centro Le\u00f3n continua con su agenda en torno al arte dominicano. En las pr\u00f3ximas semanas abrir\u00e1\u00a0<em>Alma adentro: Elsa N\u00fa\u00f1ez exposici\u00f3n antol\u00f3gica<\/em>.<\/p>\n<p>Enmarcada en el programa\u00a0<em>Grandes maestros del arte dominicano<\/em>\u00a0del Centro Le\u00f3n, mostrar\u00e1 m\u00e1s de 50 obras en cinco \u00e1mbitos concebidos para destacar las experiencias vitales de la artista y la evoluci\u00f3n de su lenguaje pict\u00f3rico a lo largo de cinco d\u00e9cadas de creaci\u00f3n sostenida.<\/p>\n<p>Estos \u00e1mbitos refieren a su defensa de los derechos de la mujer, sus preocupaciones en torno a la humanidad y el medio ambiente, el di\u00e1logo de su pintura con otras manifestaciones del arte, la reflexi\u00f3n sobre el mundo del trabajo y alrededor de sus obras que expresan formas de lo femenino, adem\u00e1s de la abstracci\u00f3n que ha marcado su producci\u00f3n art\u00edstica desde los a\u00f1os 1990 hasta la actualidad.<\/p>\n<p>Para esta muestra se ha contado con la colaboraci\u00f3n de 33 coleccionistas privados que han aportado piezas de su propiedad para conformar un panorama amplio y diverso del cuerpo de obra de la artista. Cuenta adem\u00e1s con documentos y registros de distinto tipo, gran parte de ellos proveniente del trabajo de archivo que por d\u00e9cadas realiz\u00f3 su esposo, \u00c1ngel Hach\u00e9, con quien comparti\u00f3 su dedicaci\u00f3n a las artes.<\/p>\n<p><em>Alma adentro: Elsa N\u00fa\u00f1ez exposici\u00f3n antol\u00f3gica<\/em>\u00a0se expondr\u00e1 en la Sala de Exposiciones Temporales del Centro Le\u00f3n en Santiago de los Caballeros y cuenta con los auspicios de Fundaci\u00f3n Eduardo Le\u00f3n Jimenes, Banco BHD Le\u00f3n y Cervecer\u00eda Nacional Dominicana.<\/div>\n<\/td>\n<\/tr>\n<\/tbody>\n<\/table>\n<\/td>\n<\/tr>\n<\/tbody>\n<\/table>\n<table class=\"m_-2985118818883257247mcnDividerBlock\" border=\"0\" width=\"100%\" cellspacing=\"0\" cellpadding=\"0\">\n<tbody>\n<tr>\n<td>\n<table border=\"0\" width=\"100%\" cellspacing=\"0\" cellpadding=\"0\">\n<tbody>\n<tr>\n<td><\/td>\n<\/tr>\n<\/tbody>\n<\/table>\n<\/td>\n<\/tr>\n<\/tbody>\n<\/table>\n<table border=\"0\" width=\"100%\" cellspacing=\"0\" cellpadding=\"0\">\n<tbody>\n<tr>\n<td valign=\"top\">\n<table border=\"0\" width=\"100%\" cellspacing=\"0\" cellpadding=\"0\" align=\"left\">\n<tbody>\n<tr>\n<td valign=\"top\"><a title=\"\" href=\"https:\/\/centroleon.us16.list-manage.com\/track\/click?u=6053a8b2ef77f0b815d0e408c&amp;id=8a1e163003&amp;e=4815eeee42\" target=\"_blank\" rel=\"noopener\" data-saferedirecturl=\"https:\/\/www.google.com\/url?q=https:\/\/centroleon.us16.list-manage.com\/track\/click?u%3D6053a8b2ef77f0b815d0e408c%26id%3D8a1e163003%26e%3D4815eeee42&amp;source=gmail&amp;ust=1626018051718000&amp;usg=AFQjCNFfxhdDRIjY_xQvfAYMJMp4v8W2rQ\"><img class=\"m_-2985118818883257247mcnImage CToWUd\" src=\"https:\/\/ci6.googleusercontent.com\/proxy\/F-bww0W97mg4h32BrgKCSBgpV8TrP-k-WlXNGXbw9zZzrKUtRiiZONi2tyQoiJANJ2zzCTpqsUnaW-F3nLX3MqADYfAw_-DzUuuvMlrHoKkMpHIwLLcC0AcHy7jZiCerkUHsp3WGOcbap12lArHtCgOnyhvCbw=s0-d-e1-ft#https:\/\/mcusercontent.com\/6053a8b2ef77f0b815d0e408c\/images\/994aeaec-9f38-3a05-80b8-c34228a5f9a2.jpg\" alt=\"\" width=\"564\" align=\"center\" \/><\/a><\/td>\n<\/tr>\n<\/tbody>\n<\/table>\n<\/td>\n<\/tr>\n<\/tbody>\n<\/table>\n<table border=\"0\" width=\"100%\" cellspacing=\"0\" cellpadding=\"0\">\n<tbody>\n<tr>\n<td valign=\"top\">\n<table class=\"m_-2985118818883257247mcnTextContentContainer\" border=\"0\" width=\"100%\" cellspacing=\"0\" cellpadding=\"0\" align=\"left\">\n<tbody>\n<tr>\n<td class=\"m_-2985118818883257247mcnTextContent\" valign=\"top\">\n<div><strong>Sobre Elsa N\u00fa\u00f1ez<\/strong><br \/>\nElsa N\u00fa\u00f1ez es pintora, ilustradora y maestra de artes visuales. Naci\u00f3 en Santo Domingo el 14 de enero de 1943. A los 12 a\u00f1os fue aceptada como alumna en la Escuela Nacional de Bellas Artes, donde se gradu\u00f3 en 1962.\u00a0Premio Nacional de Artes Pl\u00e1sticas 2014 y declarada por la C\u00e1mara de Diputados de la Rep\u00fablica Dominicana como Gloria de la Pintura Nacional en 2016.\u00a0Ha expuesto en m\u00e1s de 60 colectivas y 40 individuales desde 1960 hasta la actualidad, dentro y fuera de Rep\u00fablica Dominicana.<\/div>\n<\/td>\n<\/tr>\n<\/tbody>\n<\/table>\n<\/td>\n<\/tr>\n<\/tbody>\n<\/table>\n<p>Impactos: 1262<\/p>","protected":false},"excerpt":{"rendered":"<p>H.R. Santiago de los Caballeros, 9\u00a0de julio 2021.-\u00a0El arte no se detiene y el Centro Le\u00f3n continua con su agenda en torno al arte<\/p>\n","protected":false},"author":3,"featured_media":13480,"comment_status":"open","ping_status":"closed","sticky":false,"template":"","format":"standard","meta":[],"categories":[4],"tags":[],"_links":{"self":[{"href":"https:\/\/hormigaradio.com\/index.php?rest_route=\/wp\/v2\/posts\/13479"}],"collection":[{"href":"https:\/\/hormigaradio.com\/index.php?rest_route=\/wp\/v2\/posts"}],"about":[{"href":"https:\/\/hormigaradio.com\/index.php?rest_route=\/wp\/v2\/types\/post"}],"author":[{"embeddable":true,"href":"https:\/\/hormigaradio.com\/index.php?rest_route=\/wp\/v2\/users\/3"}],"replies":[{"embeddable":true,"href":"https:\/\/hormigaradio.com\/index.php?rest_route=%2Fwp%2Fv2%2Fcomments&post=13479"}],"version-history":[{"count":1,"href":"https:\/\/hormigaradio.com\/index.php?rest_route=\/wp\/v2\/posts\/13479\/revisions"}],"predecessor-version":[{"id":13481,"href":"https:\/\/hormigaradio.com\/index.php?rest_route=\/wp\/v2\/posts\/13479\/revisions\/13481"}],"wp:featuredmedia":[{"embeddable":true,"href":"https:\/\/hormigaradio.com\/index.php?rest_route=\/wp\/v2\/media\/13480"}],"wp:attachment":[{"href":"https:\/\/hormigaradio.com\/index.php?rest_route=%2Fwp%2Fv2%2Fmedia&parent=13479"}],"wp:term":[{"taxonomy":"category","embeddable":true,"href":"https:\/\/hormigaradio.com\/index.php?rest_route=%2Fwp%2Fv2%2Fcategories&post=13479"},{"taxonomy":"post_tag","embeddable":true,"href":"https:\/\/hormigaradio.com\/index.php?rest_route=%2Fwp%2Fv2%2Ftags&post=13479"}],"curies":[{"name":"wp","href":"https:\/\/api.w.org\/{rel}","templated":true}]}}