{"id":13523,"date":"2021-07-16T15:23:26","date_gmt":"2021-07-16T15:23:26","guid":{"rendered":"http:\/\/hormigaradio.com\/?p=13523"},"modified":"2021-07-16T15:23:26","modified_gmt":"2021-07-16T15:23:26","slug":"presidente-camara-produccion-santiago-afirma-aumento-salarios-es-esfuerzo-sector-empresarial-video","status":"publish","type":"post","link":"https:\/\/hormigaradio.com\/?p=13523","title":{"rendered":"PRESIDENTE C\u00c1MARA PRODUCCI\u00d3N SANTIAGO AFIRMA AUMENTO SALARIOS ES ESFUERZO SECTOR EMPRESARIAL (v\u00eddeo)"},"content":{"rendered":"<div class=\"desktop-extra-holder\">\n<div class=\"article-body\">\n<div class=\"article-body-content\">\n<p>Por\u00a0<a class=\"text-font font-700\" href=\"https:\/\/acento.com.do\/autor\/index.html?user_slug=mlaureano\">M\u00c1XIMO LAUREANO<\/a><\/p>\n<p>SANTIAGO DE LOS CABALLEROS, Rep\u00fablica Dominicana.- El presidente de la C\u00e1mara de Comercio y Producci\u00f3n de Santiago, Carlos Iglesias, calific\u00f3 como un gran esfuerzo del sector empresarial el aumento de salarios de un 24 % promedio, aprobado para las escalas de sueldos m\u00ednimos.<\/p>\n<p>\u201cEs un esfuerzo del sector empresarial, que se est\u00e1 poniendo a la altura de la situaci\u00f3n de la pandemia. Este 24 por %, es el aumento mayor que se ha hecho, en los \u00faltimos a\u00f1os, recoge, la inflaci\u00f3n acumuladas de los \u00faltimos tres a\u00f1os y esto va a ayudar a dinamizar la econom\u00eda\u201d, indic\u00f3 el empresario.<\/p>\n<p>Iglesias dijo no temer que el aumento de salarios en estos momentos desate despidos en las empresas, a pesar de que hay muchos sectores afectados por la crisis.<\/p>\n<p>El empresario se\u00f1al\u00f3 que a pesar de que el sector productivo est\u00e1 muy golpeado por la crisis, este nuevo aumento sumar\u00e1 poder de consumo en la poblaci\u00f3n, ya que hay un proceso de abrir la econom\u00eda.<\/p>\n<p><iframe loading=\"lazy\" src=\"https:\/\/player.vimeo.com\/video\/575557376?color=ef0000\" width=\"640\" height=\"360\" frameborder=\"0\" allowfullscreen=\"allowfullscreen\" data-mce-fragment=\"1\"><\/iframe><\/div>\n<\/div>\n<div class=\"right-column\">\n<div class=\"right-column--inner\">\n<div class=\"right-column--small right-column--small--sticky\">\n<div class=\"newsletter-box\">\n<div class=\"newsletter-box__input\">\n<form id=\"mailchimp\" action=\"https:\/\/admin.acento.com.do\/frontend\/subscribe-process.php\">\n<div class=\"control\"><\/div>\n<\/form>\n<\/div>\n<\/div>\n<\/div>\n<\/div>\n<\/div>\n<\/div>\n<div id=\"news-8\" class=\"banner-box dfp-async loaded\" data-google-query-id=\"CPnbnPnw5_ECFZQOhgodLR8B_A\"><\/div>\n<p>Impactos: 61<\/p>","protected":false},"excerpt":{"rendered":"<p>Por\u00a0M\u00c1XIMO LAUREANO SANTIAGO DE LOS CABALLEROS, Rep\u00fablica Dominicana.- El presidente de la C\u00e1mara de Comercio y Producci\u00f3n de Santiago, Carlos Iglesias, calific\u00f3 como un<\/p>\n","protected":false},"author":3,"featured_media":13524,"comment_status":"open","ping_status":"closed","sticky":false,"template":"","format":"standard","meta":[],"categories":[3],"tags":[],"_links":{"self":[{"href":"https:\/\/hormigaradio.com\/index.php?rest_route=\/wp\/v2\/posts\/13523"}],"collection":[{"href":"https:\/\/hormigaradio.com\/index.php?rest_route=\/wp\/v2\/posts"}],"about":[{"href":"https:\/\/hormigaradio.com\/index.php?rest_route=\/wp\/v2\/types\/post"}],"author":[{"embeddable":true,"href":"https:\/\/hormigaradio.com\/index.php?rest_route=\/wp\/v2\/users\/3"}],"replies":[{"embeddable":true,"href":"https:\/\/hormigaradio.com\/index.php?rest_route=%2Fwp%2Fv2%2Fcomments&post=13523"}],"version-history":[{"count":1,"href":"https:\/\/hormigaradio.com\/index.php?rest_route=\/wp\/v2\/posts\/13523\/revisions"}],"predecessor-version":[{"id":13525,"href":"https:\/\/hormigaradio.com\/index.php?rest_route=\/wp\/v2\/posts\/13523\/revisions\/13525"}],"wp:featuredmedia":[{"embeddable":true,"href":"https:\/\/hormigaradio.com\/index.php?rest_route=\/wp\/v2\/media\/13524"}],"wp:attachment":[{"href":"https:\/\/hormigaradio.com\/index.php?rest_route=%2Fwp%2Fv2%2Fmedia&parent=13523"}],"wp:term":[{"taxonomy":"category","embeddable":true,"href":"https:\/\/hormigaradio.com\/index.php?rest_route=%2Fwp%2Fv2%2Fcategories&post=13523"},{"taxonomy":"post_tag","embeddable":true,"href":"https:\/\/hormigaradio.com\/index.php?rest_route=%2Fwp%2Fv2%2Ftags&post=13523"}],"curies":[{"name":"wp","href":"https:\/\/api.w.org\/{rel}","templated":true}]}}