{"id":13531,"date":"2021-07-20T04:27:05","date_gmt":"2021-07-20T04:27:05","guid":{"rendered":"http:\/\/hormigaradio.com\/?p=13531"},"modified":"2021-07-20T04:29:43","modified_gmt":"2021-07-20T04:29:43","slug":"poder-ejecutivo-asciende-a-mayor-general-a-cinco-generales-y-los-manda-para-sus-casas","status":"publish","type":"post","link":"https:\/\/hormigaradio.com\/?p=13531","title":{"rendered":"PODER EJECUTIVO ASCIENDE A MAYOR GENERAL  A CINCO GENERALES Y LOS MANDA PARA SUS CASAS"},"content":{"rendered":"<figure id=\"attachment_6477\" aria-describedby=\"caption-attachment-6477\" style=\"width: 300px\" class=\"wp-caption alignleft\"><a href=\"http:\/\/hormigaradio.com\/wp-content\/uploads\/2019\/07\/Acosta.jpg\"><img loading=\"lazy\" class=\"wp-image-6477 size-medium\" src=\"http:\/\/hormigaradio.com\/wp-content\/uploads\/2019\/07\/Acosta-300x184.jpg\" alt=\"\" width=\"300\" height=\"184\" srcset=\"https:\/\/hormigaradio.com\/wp-content\/uploads\/2019\/07\/Acosta-300x184.jpg 300w, https:\/\/hormigaradio.com\/wp-content\/uploads\/2019\/07\/Acosta.jpg 640w\" sizes=\"(max-width: 300px) 100vw, 300px\" \/><\/a><figcaption id=\"caption-attachment-6477\" class=\"wp-caption-text\"><strong>Jos\u00e9 A. Acosta Castellanos.<\/strong><\/figcaption><\/figure>\n<p><strong>H.R.<\/strong><\/p>\n<p>Santo Domingo.- El Poder Ejecutivo ascendi\u00f3 a cinco generales al rango de mayor general y los coloc\u00f3 en honrosa situaci\u00f3n de retiro, con disfrute de la pensi\u00f3n correspondiente.<\/p>\n<p>La medida est\u00e1 contemplada en el decreto 444-21 de este 19 de julio de 2021.<\/p>\n<p>Los generales de la PN ascendidos y puestos en retiro son Jos\u00e9 A. Acosta Castellanos, Ram\u00f3n Alc\u00e1ntara, Ram\u00f3n E. Ciriaco N\u00fa\u00f1ez, V\u00edctor Ant. Campusano Jim\u00e9nez y Alejandro Dipr\u00e9 Sierra.<\/p>\n<p><a href=\"http:\/\/hormigaradio.com\/wp-content\/uploads\/2021\/07\/Decreto-444-21.pdf\">Decreto 444-21<\/a><\/p>\n<p>&nbsp;<\/p>\n<p>Impactos: 53<\/p>","protected":false},"excerpt":{"rendered":"<p>H.R. Santo Domingo.- El Poder Ejecutivo ascendi\u00f3 a cinco generales al rango de mayor general y los coloc\u00f3 en honrosa situaci\u00f3n de retiro, con<\/p>\n","protected":false},"author":3,"featured_media":6477,"comment_status":"open","ping_status":"closed","sticky":false,"template":"","format":"standard","meta":[],"categories":[3],"tags":[],"_links":{"self":[{"href":"https:\/\/hormigaradio.com\/index.php?rest_route=\/wp\/v2\/posts\/13531"}],"collection":[{"href":"https:\/\/hormigaradio.com\/index.php?rest_route=\/wp\/v2\/posts"}],"about":[{"href":"https:\/\/hormigaradio.com\/index.php?rest_route=\/wp\/v2\/types\/post"}],"author":[{"embeddable":true,"href":"https:\/\/hormigaradio.com\/index.php?rest_route=\/wp\/v2\/users\/3"}],"replies":[{"embeddable":true,"href":"https:\/\/hormigaradio.com\/index.php?rest_route=%2Fwp%2Fv2%2Fcomments&post=13531"}],"version-history":[{"count":3,"href":"https:\/\/hormigaradio.com\/index.php?rest_route=\/wp\/v2\/posts\/13531\/revisions"}],"predecessor-version":[{"id":13535,"href":"https:\/\/hormigaradio.com\/index.php?rest_route=\/wp\/v2\/posts\/13531\/revisions\/13535"}],"wp:featuredmedia":[{"embeddable":true,"href":"https:\/\/hormigaradio.com\/index.php?rest_route=\/wp\/v2\/media\/6477"}],"wp:attachment":[{"href":"https:\/\/hormigaradio.com\/index.php?rest_route=%2Fwp%2Fv2%2Fmedia&parent=13531"}],"wp:term":[{"taxonomy":"category","embeddable":true,"href":"https:\/\/hormigaradio.com\/index.php?rest_route=%2Fwp%2Fv2%2Fcategories&post=13531"},{"taxonomy":"post_tag","embeddable":true,"href":"https:\/\/hormigaradio.com\/index.php?rest_route=%2Fwp%2Fv2%2Ftags&post=13531"}],"curies":[{"name":"wp","href":"https:\/\/api.w.org\/{rel}","templated":true}]}}