{"id":13537,"date":"2021-07-21T14:43:15","date_gmt":"2021-07-21T14:43:15","guid":{"rendered":"http:\/\/hormigaradio.com\/?p=13537"},"modified":"2021-07-21T14:43:15","modified_gmt":"2021-07-21T14:43:15","slug":"un-chin-mas-y-se-va-el-toque-de-queda-ahora-desde-las-11-de-la-noche-todos-los-dias","status":"publish","type":"post","link":"https:\/\/hormigaradio.com\/?p=13537","title":{"rendered":"&#8220;UN CHIN M\u00c1S&#8221; Y SE VA EL TOQUE DE QUEDA; AHORA DESDE LAS 11 DE LA NOCHE TODOS LOS D\u00cdAS"},"content":{"rendered":"<p>SANTO DOMINGO, Rep\u00fablica Dominicana-. Este mi\u00e9rcoles inicia un nuevo horario de toque de queda, que corresponde a la \u00faltima fase de la desescalada en Rep\u00fablica Dominicana dise\u00f1ada por el Gobierno.<\/p>\n<p>Desde hoy, el toque de queda ser\u00e1 desde las 11:00 de la noche, con libre tr\u00e1nsito de dos horas, hasta la 1:00 de la madrugada, todos los d\u00edas de la semana.<\/p>\n<p>La medida tambi\u00e9n permitir\u00e1 la venta de bebidas alcoh\u00f3licas hasta la hora del toque de queda, es decir, a las 11:00 de la noche.<\/p>\n<p>Esta fase III constituye el \u00faltimo paso previo al levantamiento del toque de queda que desde marzo del 2020 ha dispuesto el Gobierno, como medida preventiva de contagio del COVID-19.<\/p>\n<p>El plan del Gobierno es que, en lo adelante, las provincias que alcancen el 70 % de su poblaci\u00f3n vacunada ser\u00e1n las que, de manera definitiva, despidan el toque de queda<\/p>\n<p>Impactos: 68<\/p>","protected":false},"excerpt":{"rendered":"<p>SANTO DOMINGO, Rep\u00fablica Dominicana-. Este mi\u00e9rcoles inicia un nuevo horario de toque de queda, que corresponde a la \u00faltima fase de la desescalada en<\/p>\n","protected":false},"author":3,"featured_media":10979,"comment_status":"open","ping_status":"closed","sticky":false,"template":"","format":"standard","meta":[],"categories":[3],"tags":[],"_links":{"self":[{"href":"https:\/\/hormigaradio.com\/index.php?rest_route=\/wp\/v2\/posts\/13537"}],"collection":[{"href":"https:\/\/hormigaradio.com\/index.php?rest_route=\/wp\/v2\/posts"}],"about":[{"href":"https:\/\/hormigaradio.com\/index.php?rest_route=\/wp\/v2\/types\/post"}],"author":[{"embeddable":true,"href":"https:\/\/hormigaradio.com\/index.php?rest_route=\/wp\/v2\/users\/3"}],"replies":[{"embeddable":true,"href":"https:\/\/hormigaradio.com\/index.php?rest_route=%2Fwp%2Fv2%2Fcomments&post=13537"}],"version-history":[{"count":1,"href":"https:\/\/hormigaradio.com\/index.php?rest_route=\/wp\/v2\/posts\/13537\/revisions"}],"predecessor-version":[{"id":13538,"href":"https:\/\/hormigaradio.com\/index.php?rest_route=\/wp\/v2\/posts\/13537\/revisions\/13538"}],"wp:featuredmedia":[{"embeddable":true,"href":"https:\/\/hormigaradio.com\/index.php?rest_route=\/wp\/v2\/media\/10979"}],"wp:attachment":[{"href":"https:\/\/hormigaradio.com\/index.php?rest_route=%2Fwp%2Fv2%2Fmedia&parent=13537"}],"wp:term":[{"taxonomy":"category","embeddable":true,"href":"https:\/\/hormigaradio.com\/index.php?rest_route=%2Fwp%2Fv2%2Fcategories&post=13537"},{"taxonomy":"post_tag","embeddable":true,"href":"https:\/\/hormigaradio.com\/index.php?rest_route=%2Fwp%2Fv2%2Ftags&post=13537"}],"curies":[{"name":"wp","href":"https:\/\/api.w.org\/{rel}","templated":true}]}}