{"id":13544,"date":"2021-07-25T19:41:26","date_gmt":"2021-07-25T19:41:26","guid":{"rendered":"http:\/\/hormigaradio.com\/?p=13544"},"modified":"2021-07-25T19:49:34","modified_gmt":"2021-07-25T19:49:34","slug":"presidente-luis-abinader-cierra-agenda-en-santiago-con-inauguracion-centro-diagnostico-video","status":"publish","type":"post","link":"https:\/\/hormigaradio.com\/?p=13544","title":{"rendered":"PRESIDENTE LUIS ABINADER CIERRA AGENDA EN SANTIAGO CON INAUGURACI\u00d3N CENTRO DIAGNOSTICO (v\u00eddeo)"},"content":{"rendered":"<div>\n<p>Por\u00a0<a class=\"text-font font-700\" href=\"https:\/\/acento.com.do\/autor\/index.html?user_slug=mlaureano\">M\u00c1XIMO LAUREANO<\/a><\/p>\n<p><a href=\"http:\/\/hormigaradio.com\/wp-content\/uploads\/2021\/07\/WhatsApp-Image-2021-07-25-at-2.09.56-PM-1.jpeg\"><img loading=\"lazy\" class=\"alignleft wp-image-13548 size-large\" src=\"http:\/\/hormigaradio.com\/wp-content\/uploads\/2021\/07\/WhatsApp-Image-2021-07-25-at-2.09.56-PM-1-1024x768.jpeg\" alt=\"\" width=\"715\" height=\"536\" srcset=\"https:\/\/hormigaradio.com\/wp-content\/uploads\/2021\/07\/WhatsApp-Image-2021-07-25-at-2.09.56-PM-1-1024x768.jpeg 1024w, https:\/\/hormigaradio.com\/wp-content\/uploads\/2021\/07\/WhatsApp-Image-2021-07-25-at-2.09.56-PM-1-300x225.jpeg 300w, https:\/\/hormigaradio.com\/wp-content\/uploads\/2021\/07\/WhatsApp-Image-2021-07-25-at-2.09.56-PM-1-768x576.jpeg 768w, https:\/\/hormigaradio.com\/wp-content\/uploads\/2021\/07\/WhatsApp-Image-2021-07-25-at-2.09.56-PM-1.jpeg 1600w\" sizes=\"(max-width: 715px) 100vw, 715px\" \/><\/a><\/p>\n<p>SANTIAGO DE LOS CABALLEROS, Rep\u00fablica Dominicana.- El presidente de la Rep\u00fablica, Luis Abinader, complet\u00f3 este domingo una agenda de dos d\u00edas en la provincia de Santiago, donde entreg\u00f3 viviendas, t\u00edtulos de propiedad e inaugur\u00f3 un acueducto y un centro de diagn\u00f3stico m\u00e9dico.<\/p>\n<p>Cerr\u00f3 este domingo su agenda con un primer picazo a un proyecto de viviendas del sector privado en el sector de Gurabo y la puesta en funcionamiento del centro de diagn\u00f3stico en el barrio Los Salados, el que hab\u00eda sido dejado en proceso por el Gobierno pasado y completado por el Instituto Nacional de la Vivienda (Invi).<\/p>\n<p>Seg\u00fan los detalles t\u00e9cnicos, el centro asistencial, inaugurado en Los Salados, est\u00e1 construido en un \u00e1rea de 748 metros cuadrados y contar\u00e1 con modernos espacios para equipos de rayos X, sonograf\u00eda, fisiatr\u00eda, toma de muestra, laboratorio, ginecolog\u00eda, medicina interna, pediatr\u00eda y odontolog\u00eda, entre otras especialidades.<\/p>\n<p>\u201cCon esta obra de salud hemos logrado un resultado hist\u00f3rico, trabajando en equipo con el Ministerio de Salud P\u00fablica, para lograr un centro que cuenta con las acreditaciones y habilitaciones necesarias\u201d, afirm\u00f3 Claudio Espinal, subdirector del Invi y que representa a Santiago y la regi\u00f3n norte.<\/p>\n<p>Tambi\u00e9n la gobernadora de Santiago, Rosa Santos, hizo algunas valoraciones en relaci\u00f3n a la entrega de la obra del \u00e1rea de la salud.<\/p>\n<p>En el acto de entrega acompa\u00f1aron al presidente, la vicepresidenta de la Rep\u00fablica, Raquel Pe\u00f1a, directivos de Invi, el presidente del Senado, senador por Santiago, Eduardo Estrella, el ministro de Salud P\u00fablica, Daniel Rivera, el director del Servicio Nacional de Salud, Mario Lama, congresistas y otros funcionarios que valoraron la obra.<\/p>\n<\/div>\n<div><\/div>\n<div class=\"article-body-content\"><iframe loading=\"lazy\" src=\"https:\/\/player.vimeo.com\/video\/579141256?color=ef0000\" width=\"640\" height=\"360\" frameborder=\"0\" allowfullscreen=\"allowfullscreen\" data-mce-fragment=\"1\"><\/iframe><\/div>\n<div id=\"tags\" class=\"tags flex-container align-center flex-wrap\"><a class=\"single-tag\" href=\"https:\/\/acento.com.do\/tags.html?tag=centro-de-diagnostico-medico\">CENTRO DE DIAGN\u00d3STICO M\u00c9DICO<\/a><\/div>\n<p>Impactos: 47<\/p>","protected":false},"excerpt":{"rendered":"<p>Por\u00a0M\u00c1XIMO LAUREANO SANTIAGO DE LOS CABALLEROS, Rep\u00fablica Dominicana.- El presidente de la Rep\u00fablica, Luis Abinader, complet\u00f3 este domingo una agenda de dos d\u00edas en<\/p>\n","protected":false},"author":3,"featured_media":13546,"comment_status":"open","ping_status":"closed","sticky":false,"template":"","format":"standard","meta":[],"categories":[3],"tags":[],"_links":{"self":[{"href":"https:\/\/hormigaradio.com\/index.php?rest_route=\/wp\/v2\/posts\/13544"}],"collection":[{"href":"https:\/\/hormigaradio.com\/index.php?rest_route=\/wp\/v2\/posts"}],"about":[{"href":"https:\/\/hormigaradio.com\/index.php?rest_route=\/wp\/v2\/types\/post"}],"author":[{"embeddable":true,"href":"https:\/\/hormigaradio.com\/index.php?rest_route=\/wp\/v2\/users\/3"}],"replies":[{"embeddable":true,"href":"https:\/\/hormigaradio.com\/index.php?rest_route=%2Fwp%2Fv2%2Fcomments&post=13544"}],"version-history":[{"count":3,"href":"https:\/\/hormigaradio.com\/index.php?rest_route=\/wp\/v2\/posts\/13544\/revisions"}],"predecessor-version":[{"id":13549,"href":"https:\/\/hormigaradio.com\/index.php?rest_route=\/wp\/v2\/posts\/13544\/revisions\/13549"}],"wp:featuredmedia":[{"embeddable":true,"href":"https:\/\/hormigaradio.com\/index.php?rest_route=\/wp\/v2\/media\/13546"}],"wp:attachment":[{"href":"https:\/\/hormigaradio.com\/index.php?rest_route=%2Fwp%2Fv2%2Fmedia&parent=13544"}],"wp:term":[{"taxonomy":"category","embeddable":true,"href":"https:\/\/hormigaradio.com\/index.php?rest_route=%2Fwp%2Fv2%2Fcategories&post=13544"},{"taxonomy":"post_tag","embeddable":true,"href":"https:\/\/hormigaradio.com\/index.php?rest_route=%2Fwp%2Fv2%2Ftags&post=13544"}],"curies":[{"name":"wp","href":"https:\/\/api.w.org\/{rel}","templated":true}]}}