{"id":13550,"date":"2021-07-27T00:49:56","date_gmt":"2021-07-27T00:49:56","guid":{"rendered":"http:\/\/hormigaradio.com\/?p=13550"},"modified":"2021-07-27T00:53:20","modified_gmt":"2021-07-27T00:53:20","slug":"juntas-de-vecinos-zona-sur-santiago-se-reune-con-el-director-local-policia-nacional","status":"publish","type":"post","link":"https:\/\/hormigaradio.com\/?p=13550","title":{"rendered":"JUNTAS DE VECINOS  ZONA SUR SANTIAGO SE RE\u00daNE CON EL DIRECTOR LOCAL POLIC\u00cdA NACIONAL"},"content":{"rendered":"<p><strong>Jay Fondeur\/firma invitada H.R.<\/strong><\/p>\n<p>Las diferentes juntas de vecinos de la zona sur de Santiago sostuvieron un encuentro con el jefe de la polic\u00eda nacional de la direcci\u00f3n Cibao Central, general M\u00e1ximo B\u00e1ez Aybar, en la casa club del sector la Mina, para buscar soluci\u00f3n a la delincuencia que azota a los moradores de la zona.<\/p>\n<p>Los mun\u00edcipes del sector San Jos\u00e9 la Mina, Barrio Lindo, Barrio Obrero,\u00a0 Zamarrilla y la Villa Ol\u00edmpica, les piden a las autoridades de la polic\u00eda nacional que vayan en su auxilio, ya que los antisociales no los dejan trabajar, debido a que en horas de la ma\u00f1ana se ejecutan los atracos.<\/p>\n<p><a href=\"http:\/\/hormigaradio.com\/wp-content\/uploads\/2021\/07\/WhatsApp-Image-2021-07-26-at-10.25.27-AM-1.jpeg\"><img loading=\"lazy\" class=\"alignleft wp-image-13552 size-large\" src=\"http:\/\/hormigaradio.com\/wp-content\/uploads\/2021\/07\/WhatsApp-Image-2021-07-26-at-10.25.27-AM-1-1024x404.jpeg\" alt=\"\" width=\"715\" height=\"282\" srcset=\"https:\/\/hormigaradio.com\/wp-content\/uploads\/2021\/07\/WhatsApp-Image-2021-07-26-at-10.25.27-AM-1-1024x404.jpeg 1024w, https:\/\/hormigaradio.com\/wp-content\/uploads\/2021\/07\/WhatsApp-Image-2021-07-26-at-10.25.27-AM-1-300x118.jpeg 300w, https:\/\/hormigaradio.com\/wp-content\/uploads\/2021\/07\/WhatsApp-Image-2021-07-26-at-10.25.27-AM-1-768x303.jpeg 768w, https:\/\/hormigaradio.com\/wp-content\/uploads\/2021\/07\/WhatsApp-Image-2021-07-26-at-10.25.27-AM-1.jpeg 1280w\" sizes=\"(max-width: 715px) 100vw, 715px\" \/><\/a><\/p>\n<p>Las juntas de vecinos exhortan al jefe de la polic\u00eda desarrollar un programa para combatir la delincuencia, la contaminaci\u00f3n s\u00f3nica, el desorden en las v\u00edas p\u00fablicas y poner m\u00e1s control en las zonas m\u00e1s afectadas por la delincuencia.<\/p>\n<p>Los moradores les pidieron a las autoridades responsables del orden que env\u00eden mas patrullas a los diferentes sectores, y poder resolver los problemas que afectan a la zona sur de Santiago, y as\u00ed ayudar a esta comunidad a crecer en un ambiente tranquilo.<\/p>\n<p>Haciero un llamado a las diferentes autoridades por el deterioro de las calles, las l\u00e1mparas de la energ\u00eda el\u00e9ctrica que no funcionan y al ayuntamiento que le d\u00e9\u00a0 mantenimiento a la cancha que est\u00e1 llena de basura.<\/p>\n<p>El comunitario Rolando Lugo, \u00a0expres\u00f3 en la reuni\u00f3n al general M\u00e1ximo B\u00e1ez que fue v\u00edctima de un atraco en la avenida Hispanoamericana, frente al Centro Espa\u00f1ol, donde dos antisociales a punto de pistola por poco le quitan la vida por un \u00a0tel\u00e9fono celular, porque no hay patrullaje en esa zona.<\/p>\n<p>El general expres\u00f3 que la polic\u00eda nacional va a implementar m\u00e1s patrullaje en horas de la ma\u00f1ana\u00a0 para cuidar a las personas que van a su destino de trabajo y los que realizan\u00a0 deportes.\u201d Nosotros tenemos un compromiso de cuidarlos y protegerlos a todos ustedes, indic\u00f3 B\u00e1ez Aybar.<\/p>\n<p>Los mun\u00edcipes se sienten muy agradecidos por la reuni\u00f3n que\u00a0 sostuvieron \u00a0con el jefe de la polic\u00eda nacional de la direcci\u00f3n del Cibao Central, general M\u00e1ximo B\u00e1ez Aybar, por su apoyo a la comunidad y sobre todo por el gran esfuerzo para combatir la delincuencia en Santiago.<\/p>\n<p>&nbsp;<\/p>\n<p>&nbsp;<\/p>\n<p>&nbsp;<\/p>\n<p>&nbsp;<\/p>\n<p>&nbsp;<\/p>\n<p>&nbsp;<\/p>\n<p>&nbsp;<\/p>\n<p>&nbsp;<\/p>\n<p>Impactos: 58<\/p>","protected":false},"excerpt":{"rendered":"<p>Jay Fondeur\/firma invitada H.R. Las diferentes juntas de vecinos de la zona sur de Santiago sostuvieron un encuentro con el jefe de la polic\u00eda<\/p>\n","protected":false},"author":3,"featured_media":13552,"comment_status":"open","ping_status":"closed","sticky":false,"template":"","format":"standard","meta":[],"categories":[8],"tags":[],"_links":{"self":[{"href":"https:\/\/hormigaradio.com\/index.php?rest_route=\/wp\/v2\/posts\/13550"}],"collection":[{"href":"https:\/\/hormigaradio.com\/index.php?rest_route=\/wp\/v2\/posts"}],"about":[{"href":"https:\/\/hormigaradio.com\/index.php?rest_route=\/wp\/v2\/types\/post"}],"author":[{"embeddable":true,"href":"https:\/\/hormigaradio.com\/index.php?rest_route=\/wp\/v2\/users\/3"}],"replies":[{"embeddable":true,"href":"https:\/\/hormigaradio.com\/index.php?rest_route=%2Fwp%2Fv2%2Fcomments&post=13550"}],"version-history":[{"count":3,"href":"https:\/\/hormigaradio.com\/index.php?rest_route=\/wp\/v2\/posts\/13550\/revisions"}],"predecessor-version":[{"id":13554,"href":"https:\/\/hormigaradio.com\/index.php?rest_route=\/wp\/v2\/posts\/13550\/revisions\/13554"}],"wp:featuredmedia":[{"embeddable":true,"href":"https:\/\/hormigaradio.com\/index.php?rest_route=\/wp\/v2\/media\/13552"}],"wp:attachment":[{"href":"https:\/\/hormigaradio.com\/index.php?rest_route=%2Fwp%2Fv2%2Fmedia&parent=13550"}],"wp:term":[{"taxonomy":"category","embeddable":true,"href":"https:\/\/hormigaradio.com\/index.php?rest_route=%2Fwp%2Fv2%2Fcategories&post=13550"},{"taxonomy":"post_tag","embeddable":true,"href":"https:\/\/hormigaradio.com\/index.php?rest_route=%2Fwp%2Fv2%2Ftags&post=13550"}],"curies":[{"name":"wp","href":"https:\/\/api.w.org\/{rel}","templated":true}]}}