{"id":13555,"date":"2021-07-27T01:01:45","date_gmt":"2021-07-27T01:01:45","guid":{"rendered":"http:\/\/hormigaradio.com\/?p=13555"},"modified":"2021-07-27T02:21:54","modified_gmt":"2021-07-27T02:21:54","slug":"presidente-luis-abinader-encabeza-primer-palazo-para-edificio-corporativo-asociacion-popular","status":"publish","type":"post","link":"https:\/\/hormigaradio.com\/?p=13555","title":{"rendered":"PRESIDENTE LUIS ABINADER ENCABEZA PRIMER PALAZO PARA EDIFICIO CORPORATIVO ASOCIACI\u00d3N POPULAR"},"content":{"rendered":"<div class=\"article-body-content\">\n<p>Por\u00a0<a class=\"text-font font-700\" href=\"https:\/\/acento.com.do\/autor\/index.html?user_slug=mlaureano\">M\u00c1XIMO LAUREANO<\/a><\/p>\n<p>SANTIAGO DE LOS CABALLEROS, Rep\u00fablica Dominicana.- El presidente Luis Abinader encabez\u00f3 este lunes el acto de inicio para la construcci\u00f3n de un nuevo edificio de la Asociaci\u00f3n Popular de Ahorros y Pr\u00e9stamos (APAP), el cual ser\u00eda el centro de negocios para la regi\u00f3n norte.<\/p>\n<p>Al valorar el proyecto del sector privado, el presidente Abinader valor\u00f3 el liderazgo de sus inversionistas en el desarrollo hipotecario y comercial.<\/p>\n<p>El mandatario dijo que se identifica con este tipo de proyecto porque se ajusta a los tres primeros objetivos de desarrollo del Gobierno: la creaci\u00f3n de empleos.<\/p>\n<p>&#8220;Crear empleos, es el primer objetivo de la pol\u00edtica econ\u00f3mico. Segundo, crear empleos, y tercero tambi\u00e9n, crear empleos, y por eso estaremos siempre apoyando proyectos como este&#8221;, subray\u00f3 el gobernante.<\/p>\n<p>Por otra parte, Lawrence Hazoury,\u00a0presidente de la Junta de Directores de APAP, destac\u00f3 que\u00a0\u201cel fortalecimiento del liderazgo en APAP en Santiago reafirma nuestro compromiso con una ciudad productiva, din\u00e1mica y visionaria\u201d.<\/p>\n<p>La obra, que ser\u00e1 construida en un terreno de 7,718 metros cuadrados, contempla un dise\u00f1o arquitect\u00f3nico para una edificaci\u00f3n de 4 niveles que integrar\u00e1 un concepto de formas modernas, s\u00f3lidas y simples, en una superficie de 3,317 metros cuadrados.<\/p>\n<p><iframe loading=\"lazy\" src=\"https:\/\/player.vimeo.com\/video\/579537147?color=ef0000\" width=\"640\" height=\"360\" frameborder=\"0\" allowfullscreen=\"allowfullscreen\" data-mce-fragment=\"1\"><\/iframe><\/p>\n<\/div>\n<div id=\"comentarios\" class=\"\">\n<div id=\"comments1\" class=\"fb-comments hide fb_iframe_widget fb_iframe_widget_fluid_desktop\" data-href=\"https:\/\/acento.com.do\/el-financiero\/abinader-encabeza-primer-palazo-para-edificio-corporativo-asociacion-popular-8969092.html\" data-numposts=\"5\" data-width=\"728\"><\/div>\n<\/div>\n<p>Impactos: 57<\/p>","protected":false},"excerpt":{"rendered":"<p>Por\u00a0M\u00c1XIMO LAUREANO SANTIAGO DE LOS CABALLEROS, Rep\u00fablica Dominicana.- El presidente Luis Abinader encabez\u00f3 este lunes el acto de inicio para la construcci\u00f3n de un<\/p>\n","protected":false},"author":3,"featured_media":13556,"comment_status":"open","ping_status":"closed","sticky":false,"template":"","format":"standard","meta":[],"categories":[3],"tags":[],"_links":{"self":[{"href":"https:\/\/hormigaradio.com\/index.php?rest_route=\/wp\/v2\/posts\/13555"}],"collection":[{"href":"https:\/\/hormigaradio.com\/index.php?rest_route=\/wp\/v2\/posts"}],"about":[{"href":"https:\/\/hormigaradio.com\/index.php?rest_route=\/wp\/v2\/types\/post"}],"author":[{"embeddable":true,"href":"https:\/\/hormigaradio.com\/index.php?rest_route=\/wp\/v2\/users\/3"}],"replies":[{"embeddable":true,"href":"https:\/\/hormigaradio.com\/index.php?rest_route=%2Fwp%2Fv2%2Fcomments&post=13555"}],"version-history":[{"count":2,"href":"https:\/\/hormigaradio.com\/index.php?rest_route=\/wp\/v2\/posts\/13555\/revisions"}],"predecessor-version":[{"id":13558,"href":"https:\/\/hormigaradio.com\/index.php?rest_route=\/wp\/v2\/posts\/13555\/revisions\/13558"}],"wp:featuredmedia":[{"embeddable":true,"href":"https:\/\/hormigaradio.com\/index.php?rest_route=\/wp\/v2\/media\/13556"}],"wp:attachment":[{"href":"https:\/\/hormigaradio.com\/index.php?rest_route=%2Fwp%2Fv2%2Fmedia&parent=13555"}],"wp:term":[{"taxonomy":"category","embeddable":true,"href":"https:\/\/hormigaradio.com\/index.php?rest_route=%2Fwp%2Fv2%2Fcategories&post=13555"},{"taxonomy":"post_tag","embeddable":true,"href":"https:\/\/hormigaradio.com\/index.php?rest_route=%2Fwp%2Fv2%2Ftags&post=13555"}],"curies":[{"name":"wp","href":"https:\/\/api.w.org\/{rel}","templated":true}]}}