{"id":13567,"date":"2021-07-29T03:34:58","date_gmt":"2021-07-29T03:34:58","guid":{"rendered":"http:\/\/hormigaradio.com\/?p=13567"},"modified":"2021-07-29T12:09:30","modified_gmt":"2021-07-29T12:09:30","slug":"jhonny-ventura-trabajaba-en-santiago-tema-sobre-el-rio-yaque-videos","status":"publish","type":"post","link":"https:\/\/hormigaradio.com\/?p=13567","title":{"rendered":"JHONNY VENTURA TRABAJABA EN SANTIAGO TEMA SOBRE EL R\u00cdO YAQUE (v\u00eddeos)"},"content":{"rendered":"<div class=\"article-body-content\">\n<p>Por\u00a0<a class=\"text-font font-700\" href=\"https:\/\/acento.com.do\/autor\/index.html?user_slug=mlaureano\">M\u00c1XIMO LAUREANO<\/a><\/p>\n<p>SANTIAGO DE LOS CABALLEROS, Rep\u00fablica Dominicana. -Jhonny Ventura estaba en Santiago trabajando un tema sobre el r\u00edo Yaque del Norte, junto al m\u00fasico Jochy S\u00e1nchez, seg\u00fan dijo\u00a0 Jandy Ventura,\u00a0 hijo del legendario merenguero fallecido la tarde del mi\u00e9rcoles en esta ciudad.<\/p>\n<p>\u201cMi padre muri\u00f3 trabajando\u201d, declar\u00f3 el cantante de los Potros del Caballos antes de que el llanto interrumpiera sus palabras.<\/p>\n<p><iframe loading=\"lazy\" src=\"https:\/\/player.vimeo.com\/video\/580510983?color=ef0000\" width=\"640\" height=\"360\" frameborder=\"0\" allowfullscreen=\"allowfullscreen\" data-mce-fragment=\"1\"><\/iframe>Al momento del infarto Jhony Ventura estaba en un restaurante del Hotel Plaza Century, en la avenida Rafael Vidal, donde empez\u00f3 a sentir molestias que obligaron a su inmediato traslado al hospital de administraci\u00f3n privada Uni\u00f3n M\u00e9dico del Norte.<\/p>\n<p>Personal de la administraci\u00f3n del hospital Uni\u00f3n M\u00e9dica difundieron un comunicado donde explican el proceso que se sigui\u00f3 tras su llegada a este centro y confirmaron que fue un ataque fulminante.<\/p>\n<picture class=\"image\"><img loading=\"lazy\" class=\"alignnone \" src=\"https:\/\/m.psecn.photoshelter.com\/img-get\/I00009scuPePm8ac\/s\/500\/I00009scuPePm8ac.jpg\" width=\"572\" height=\"739\" \/><\/picture>Tambi\u00e9n la administraci\u00f3n del centro m\u00e9dico, encabezada por la subdirectora m\u00e9dica, Ver\u00f3nica Lockwoard, ofreci\u00f3 explicaciones en un encuentro con representantes de medios informativos locales y nacionales.<\/p>\n<p><iframe loading=\"lazy\" src=\"https:\/\/player.vimeo.com\/video\/580518835?color=ef0000\" width=\"640\" height=\"360\" frameborder=\"0\" allowfullscreen=\"allowfullscreen\" data-mce-fragment=\"1\"><\/iframe><\/p>\n<\/div>\n<p>Impactos: 4199<\/p>","protected":false},"excerpt":{"rendered":"<p>Por\u00a0M\u00c1XIMO LAUREANO SANTIAGO DE LOS CABALLEROS, Rep\u00fablica Dominicana. -Jhonny Ventura estaba en Santiago trabajando un tema sobre el r\u00edo Yaque del Norte, junto al<\/p>\n","protected":false},"author":3,"featured_media":13562,"comment_status":"open","ping_status":"closed","sticky":false,"template":"","format":"standard","meta":[],"categories":[3],"tags":[],"_links":{"self":[{"href":"https:\/\/hormigaradio.com\/index.php?rest_route=\/wp\/v2\/posts\/13567"}],"collection":[{"href":"https:\/\/hormigaradio.com\/index.php?rest_route=\/wp\/v2\/posts"}],"about":[{"href":"https:\/\/hormigaradio.com\/index.php?rest_route=\/wp\/v2\/types\/post"}],"author":[{"embeddable":true,"href":"https:\/\/hormigaradio.com\/index.php?rest_route=\/wp\/v2\/users\/3"}],"replies":[{"embeddable":true,"href":"https:\/\/hormigaradio.com\/index.php?rest_route=%2Fwp%2Fv2%2Fcomments&post=13567"}],"version-history":[{"count":2,"href":"https:\/\/hormigaradio.com\/index.php?rest_route=\/wp\/v2\/posts\/13567\/revisions"}],"predecessor-version":[{"id":13569,"href":"https:\/\/hormigaradio.com\/index.php?rest_route=\/wp\/v2\/posts\/13567\/revisions\/13569"}],"wp:featuredmedia":[{"embeddable":true,"href":"https:\/\/hormigaradio.com\/index.php?rest_route=\/wp\/v2\/media\/13562"}],"wp:attachment":[{"href":"https:\/\/hormigaradio.com\/index.php?rest_route=%2Fwp%2Fv2%2Fmedia&parent=13567"}],"wp:term":[{"taxonomy":"category","embeddable":true,"href":"https:\/\/hormigaradio.com\/index.php?rest_route=%2Fwp%2Fv2%2Fcategories&post=13567"},{"taxonomy":"post_tag","embeddable":true,"href":"https:\/\/hormigaradio.com\/index.php?rest_route=%2Fwp%2Fv2%2Ftags&post=13567"}],"curies":[{"name":"wp","href":"https:\/\/api.w.org\/{rel}","templated":true}]}}