{"id":13573,"date":"2021-07-29T12:32:07","date_gmt":"2021-07-29T12:32:07","guid":{"rendered":"http:\/\/hormigaradio.com\/?p=13573"},"modified":"2021-07-29T13:39:03","modified_gmt":"2021-07-29T13:39:03","slug":"velatorio-del-cabaallo-mayor-jhonny-ventura-seran-por-tres-dias","status":"publish","type":"post","link":"https:\/\/hormigaradio.com\/?p=13573","title":{"rendered":"VELATORIO DEL CABALLO MAYOR JHONNY VENTURA SER\u00c1 POR TRES D\u00cdAS"},"content":{"rendered":"<p><a href=\"http:\/\/hormigaradio.com\/\">H.R.<\/a><\/p>\n<p>&nbsp;<\/p>\n<p>&nbsp;<\/p>\n<figure id=\"attachment_13575\" aria-describedby=\"caption-attachment-13575\" style=\"width: 715px\" class=\"wp-caption alignleft\"><a href=\"http:\/\/hormigaradio.com\/wp-content\/uploads\/2021\/07\/JV3.jpg\"><img loading=\"lazy\" class=\"wp-image-13575 size-large\" src=\"http:\/\/hormigaradio.com\/wp-content\/uploads\/2021\/07\/JV3-819x1024.jpg\" alt=\"\" width=\"715\" height=\"894\" srcset=\"https:\/\/hormigaradio.com\/wp-content\/uploads\/2021\/07\/JV3-819x1024.jpg 819w, https:\/\/hormigaradio.com\/wp-content\/uploads\/2021\/07\/JV3-240x300.jpg 240w, https:\/\/hormigaradio.com\/wp-content\/uploads\/2021\/07\/JV3-768x960.jpg 768w, https:\/\/hormigaradio.com\/wp-content\/uploads\/2021\/07\/JV3.jpg 1080w\" sizes=\"(max-width: 715px) 100vw, 715px\" \/><\/a><figcaption id=\"caption-attachment-13575\" class=\"wp-caption-text\"><strong>Foto: Alex Reynoso <\/strong><\/figcaption><\/figure>\n<p>SANTO DOMINGO.- Las honras f\u00fanebres al fallecido merenguero Johnny Ventura durar\u00e1n \u00a0tres d\u00edas y comenzar\u00e1n este jueves con un acto privado, a las 2:00 de la tarde, en la Fune\u00f1raria Blandino.<\/p>\n<p>El viernes el velatorio ser\u00e1 p\u00fablico y comenzar\u00e1 a las\u00a09:00 de la ma\u00f1ana en la Casa Nacional de la Fuerza del Pueblo, partido del cual Ventura fue militante y candidato a alcalde del Distrito Nacional para las elecciones municipales del 2020.<\/p>\n<p>A las 11:00 de la\u00a0ma\u00f1ana los restos del artista ser\u00e1n llevados a la\u00a0\u00a0C\u00e1mara de Diputados, debido a que este \u00faltimo fue en una oportunidad donde fungi\u00f3 como legislador del Distrito Nacional por el Partido Revolucionario Dominicano (PRD).<\/p>\n<p>A las 2:00 de la tarde ser\u00e1n trasladados a la sede del Ayuntamiento del Distrito Nacional, donde se le rendir\u00e1 tributo porque Ventura fue alcalde de esta jurisdicci\u00f3n en el per\u00edodo 1998-2002.<br \/>\nEl s\u00e1bado el velatorio se iniciar\u00e1 a la 8:00 de la ma\u00f1ana en el Palacio de los Deportes, donde personas de distintos niveles tendr\u00e1n la oportunidad de despedir al artista.<\/p>\n<p>En la tarde los restos ser\u00e1n llevados al barrio capitale\u00f1o de Villa Juana y de ah\u00ed a su morada final, el Cementerio Cristo Redendor, donde se har\u00e1 su entierro a las 4:00 de la tarde.<\/p>\n<p>&nbsp;<\/p>\n<p>&nbsp;<\/p>\n<p>Impactos: 69<\/p>","protected":false},"excerpt":{"rendered":"<p>H.R. &nbsp; &nbsp; SANTO DOMINGO.- Las honras f\u00fanebres al fallecido merenguero Johnny Ventura durar\u00e1n \u00a0tres d\u00edas y comenzar\u00e1n este jueves con un acto privado,<\/p>\n","protected":false},"author":3,"featured_media":13562,"comment_status":"open","ping_status":"closed","sticky":false,"template":"","format":"standard","meta":[],"categories":[3],"tags":[],"_links":{"self":[{"href":"https:\/\/hormigaradio.com\/index.php?rest_route=\/wp\/v2\/posts\/13573"}],"collection":[{"href":"https:\/\/hormigaradio.com\/index.php?rest_route=\/wp\/v2\/posts"}],"about":[{"href":"https:\/\/hormigaradio.com\/index.php?rest_route=\/wp\/v2\/types\/post"}],"author":[{"embeddable":true,"href":"https:\/\/hormigaradio.com\/index.php?rest_route=\/wp\/v2\/users\/3"}],"replies":[{"embeddable":true,"href":"https:\/\/hormigaradio.com\/index.php?rest_route=%2Fwp%2Fv2%2Fcomments&post=13573"}],"version-history":[{"count":6,"href":"https:\/\/hormigaradio.com\/index.php?rest_route=\/wp\/v2\/posts\/13573\/revisions"}],"predecessor-version":[{"id":13581,"href":"https:\/\/hormigaradio.com\/index.php?rest_route=\/wp\/v2\/posts\/13573\/revisions\/13581"}],"wp:featuredmedia":[{"embeddable":true,"href":"https:\/\/hormigaradio.com\/index.php?rest_route=\/wp\/v2\/media\/13562"}],"wp:attachment":[{"href":"https:\/\/hormigaradio.com\/index.php?rest_route=%2Fwp%2Fv2%2Fmedia&parent=13573"}],"wp:term":[{"taxonomy":"category","embeddable":true,"href":"https:\/\/hormigaradio.com\/index.php?rest_route=%2Fwp%2Fv2%2Fcategories&post=13573"},{"taxonomy":"post_tag","embeddable":true,"href":"https:\/\/hormigaradio.com\/index.php?rest_route=%2Fwp%2Fv2%2Ftags&post=13573"}],"curies":[{"name":"wp","href":"https:\/\/api.w.org\/{rel}","templated":true}]}}