{"id":13583,"date":"2021-07-29T21:51:20","date_gmt":"2021-07-29T21:51:20","guid":{"rendered":"http:\/\/hormigaradio.com\/?p=13583"},"modified":"2021-07-29T21:55:44","modified_gmt":"2021-07-29T21:55:44","slug":"denuncian-permiso-para-mina-amenaza-zona-de-humedales-en-punal-video","status":"publish","type":"post","link":"https:\/\/hormigaradio.com\/?p=13583","title":{"rendered":"DENUNCIAN PERMISO PARA MINA AMENAZA ZONA DE HUMEDALES EN PU\u00d1AL  (V\u00eddeo)"},"content":{"rendered":"<div class=\"article-body-content\">\n<p>Por\u00a0<a class=\"text-font font-700\" href=\"https:\/\/acento.com.do\/autor\/index.html?user_slug=mlaureano\">M\u00c1XIMO LAUREANO<\/a><\/p>\n<p>SANTIAGO DE LOS CABALLEROS, Rep\u00fablica Dominicana.- Activistas de organizaciones ambientales y comunitarias solicitaron este mi\u00e9rcoles al ministro de Medio Ambiente, Orlando Jorge Mera, la cancelaci\u00f3n de un permiso que seg\u00fan denunciaron se otorg\u00f3 a un empresario para la explotaci\u00f3n de una mina en la zona de los humedales Laguna Prieta, en el municipio de Pu\u00f1al.<\/p>\n<p>Nelson Reyes Estrella, de la Fundaci\u00f3n Ambiental Tropical, manifest\u00f3 que se trata de una &#8220;locura&#8221;, por ser una zona estrat\u00e9gica de dos municipios de la provincia y por encontrarse dentro del principal pulm\u00f3n de la zona sureste de Santiago, donde se encuentran ubicado los humedales Laguna Prieta en la comunidad de Matanzas.<\/p>\n<p><iframe loading=\"lazy\" src=\"https:\/\/drive.google.com\/file\/d\/1vWFOWzFKSEJ8J0x9R9EJRuAbE4reHDA8\/preview\" width=\"640\" height=\"480\" data-mce-fragment=\"1\"><\/iframe>Denunciaron que en la sede local del Ministerio de Medio Ambiente nadie quiere asumir la responsabilidad por el permiso irregular otorgado a una empresa de agregados, a la cual le autorizan en la extracci\u00f3n de 15,000 m3 de materiales.<\/p>\n<p>\u201cRecordamos que desde hace varios meses nuestras instituciones han venido denunciando el abandono de los humedales y el intento de explotaci\u00f3n de forma irregular de la referida mina que compromete el equilibrio de una de la zona de mayor desarrollo de Santiago, por lo que solicitamos al ministro de medio ambiente suspender el permiso y el cierre definitivo de la mina\u201d, afirm\u00f3 Reyes Estrella.<\/p>\n<p><iframe loading=\"lazy\" src=\"https:\/\/player.vimeo.com\/video\/580429827?color=ef0000\" width=\"640\" height=\"360\" frameborder=\"0\" allowfullscreen=\"allowfullscreen\" data-mce-fragment=\"1\"><\/iframe>Los activistas ambientales alegan que los humedales Laguna Prieta son el principal atractivo y pulm\u00f3n de esta zona perteneciente al municipio de Pu\u00f1al y advierten se puede permitir que colapsen por intereses particulares.<\/p>\n<div class=\"gallery-holder\">\n<div class=\"swiper-container loaded swiper-container-horizontal swiper-container-free-mode\" data-fotogaleria=\"\" data-fotogaleriathumbnails=\"no\" data-fotogaleriafullscreen=\"no\">\n<div class=\"zoom\"><\/div>\n<div class=\"swiper-button-prev hide-mobile swiper-button-disabled\"><\/div>\n<div class=\"swiper-button-next hide-mobile\"><\/div>\n<div class=\"swiper-wrapper abcde\">\n<div class=\"swiper-slide swiper-slide-active\">\n<picture class=\"image\"><img src=\"https:\/\/acento.com.do\/media\/storage02\/uploads\/2021\/07\/whatsapp-image-2021-07-28-at-30612-pm-full-728x410.webp\" data-desktop=\"https:\/\/acento.com.do\/media\/storage02\/uploads\/2021\/07\/whatsapp-image-2021-07-28-at-30612-pm-full-728x410.webp\" data-mobile=\"https:\/\/acento.com.do\/media\/storage02\/uploads\/2021\/07\/whatsapp-image-2021-07-28-at-30612-pm-full-728x410.webp\" \/><\/picture>1 de 3 |<\/p>\n<\/div>\n<div class=\"swiper-slide swiper-slide-next\">\n<picture class=\"image\"><img src=\"https:\/\/acento.com.do\/media\/storage02\/uploads\/2021\/07\/whatsapp-image-2021-07-28-at-30613-pm-full-728x410.webp\" data-desktop=\"https:\/\/acento.com.do\/media\/storage02\/uploads\/2021\/07\/whatsapp-image-2021-07-28-at-30613-pm-full-728x410.webp\" data-mobile=\"https:\/\/acento.com.do\/media\/storage02\/uploads\/2021\/07\/whatsapp-image-2021-07-28-at-30613-pm-full-728x410.webp\" \/><\/picture>2 de 3 |<\/p>\n<\/div>\n<div class=\"swiper-slide\"><\/div>\n<\/div>\n<\/div>\n<\/div>\n<div class=\"fullscreen\"><\/div>\n<\/div>\n<div id=\"comentarios\" class=\"\">\n<div id=\"comments1\" class=\"fb-comments hide fb_iframe_widget fb_iframe_widget_fluid_desktop\" data-href=\"https:\/\/acento.com.do\/actualidad\/denuncian-permiso-para-mina-amenaza-zona-de-humedales-en-punal-8969899.html\" data-numposts=\"5\" data-width=\"728\"><\/div>\n<\/div>\n<p>Impactos: 1928<\/p>","protected":false},"excerpt":{"rendered":"<p>Por\u00a0M\u00c1XIMO LAUREANO SANTIAGO DE LOS CABALLEROS, Rep\u00fablica Dominicana.- Activistas de organizaciones ambientales y comunitarias solicitaron este mi\u00e9rcoles al ministro de Medio Ambiente, Orlando Jorge<\/p>\n","protected":false},"author":3,"featured_media":13587,"comment_status":"open","ping_status":"closed","sticky":false,"template":"","format":"standard","meta":[],"categories":[5],"tags":[],"_links":{"self":[{"href":"https:\/\/hormigaradio.com\/index.php?rest_route=\/wp\/v2\/posts\/13583"}],"collection":[{"href":"https:\/\/hormigaradio.com\/index.php?rest_route=\/wp\/v2\/posts"}],"about":[{"href":"https:\/\/hormigaradio.com\/index.php?rest_route=\/wp\/v2\/types\/post"}],"author":[{"embeddable":true,"href":"https:\/\/hormigaradio.com\/index.php?rest_route=\/wp\/v2\/users\/3"}],"replies":[{"embeddable":true,"href":"https:\/\/hormigaradio.com\/index.php?rest_route=%2Fwp%2Fv2%2Fcomments&post=13583"}],"version-history":[{"count":3,"href":"https:\/\/hormigaradio.com\/index.php?rest_route=\/wp\/v2\/posts\/13583\/revisions"}],"predecessor-version":[{"id":13588,"href":"https:\/\/hormigaradio.com\/index.php?rest_route=\/wp\/v2\/posts\/13583\/revisions\/13588"}],"wp:featuredmedia":[{"embeddable":true,"href":"https:\/\/hormigaradio.com\/index.php?rest_route=\/wp\/v2\/media\/13587"}],"wp:attachment":[{"href":"https:\/\/hormigaradio.com\/index.php?rest_route=%2Fwp%2Fv2%2Fmedia&parent=13583"}],"wp:term":[{"taxonomy":"category","embeddable":true,"href":"https:\/\/hormigaradio.com\/index.php?rest_route=%2Fwp%2Fv2%2Fcategories&post=13583"},{"taxonomy":"post_tag","embeddable":true,"href":"https:\/\/hormigaradio.com\/index.php?rest_route=%2Fwp%2Fv2%2Ftags&post=13583"}],"curies":[{"name":"wp","href":"https:\/\/api.w.org\/{rel}","templated":true}]}}