{"id":13629,"date":"2021-08-11T04:10:36","date_gmt":"2021-08-11T04:10:36","guid":{"rendered":"http:\/\/hormigaradio.com\/?p=13629"},"modified":"2021-08-11T04:40:45","modified_gmt":"2021-08-11T04:40:45","slug":"incendio-afecta-hotel-ibero-star-y-otras-instalaciones-en-puerto-plata-video","status":"publish","type":"post","link":"https:\/\/hormigaradio.com\/?p=13629","title":{"rendered":"INCENDIO AFECTA HOTEL IBERO STAR Y OTRAS INSTALACIONES EN PUERTO PLATA (V\u00eddeo)"},"content":{"rendered":"<p>Por\u00a0<a class=\"text-font font-700\" href=\"https:\/\/acento.com.do\/autor\/index.html?user_slug=mlaureano\">M\u00c1XIMO LAUREANO<\/a><\/p>\n<div style=\"width: 480px;\" class=\"wp-video\"><!--[if lt IE 9]><script>document.createElement('video');<\/script><![endif]-->\n<video class=\"wp-video-shortcode\" id=\"video-13629-1\" width=\"480\" height=\"600\" preload=\"metadata\" controls=\"controls\"><source type=\"video\/mp4\" src=\"http:\/\/hormigaradio.com\/wp-content\/uploads\/2021\/08\/WhatsApp-Video-2021-08-10-at-10.57.59-PM.mp4?_=1\" \/><a href=\"http:\/\/hormigaradio.com\/wp-content\/uploads\/2021\/08\/WhatsApp-Video-2021-08-10-at-10.57.59-PM.mp4\">http:\/\/hormigaradio.com\/wp-content\/uploads\/2021\/08\/WhatsApp-Video-2021-08-10-at-10.57.59-PM.mp4<\/a><\/video><\/div>\n<p>PUERTO PLATA, Rep\u00fablica Dominicana.- Cientos de hu\u00e9spedes del Hotel Ibero Star, en Puerto Plata, est\u00e1n a salvo tras un incendio ocurrido la noche de este martes por causas que se investigan.<\/p>\n<p>Los ocupantes han podido ser movilizados sin que se registraran lesionados, seg\u00fan las informaciones preliminares.<\/p>\n<p>El fuego tambi\u00e9n habr\u00eda afectado las instalaciones del hotel Be Life Collection Marien, que se encuentra en los alrededores.<\/p>\n<p>Unidades de bomberos de Puerto Plata, Sos\u00faa y Montellanos llegaron al lugar y en poco tiempo lograron controlar la situaci\u00f3n, aunque se mantiene el peligro en la zona afectada.<\/p>\n<p>La gobernadora de Puerto Plata, Claritza Rochtte, y la directora de Turismo, Stephany Kfouri, entre otros funcionarios del Gobierno, han llegado al lugar.<\/p>\n<p>C\u00e9sar de los Santos, presidente de la Asociaci\u00f3n de Hoteles de Playa Dorada, ha reportado que no ha habido lesionados tampoco entre los trabajadores hoteleros.<\/p>\n<p><strong>IBERO STAR.<\/strong><\/p>\n<p>Iberostar agradece apoyo autoridades ante incendio afect\u00f3 algunas \u00e1reas hotel Puerto Plata<\/p>\n<p>La cadena hotelera Iberostar agradeci\u00f3 la r\u00e1pida respuesta de los bomberos y organismos de rescate y el inter\u00e9s y disposici\u00f3n de las autoridades locales y nacionales ante el incendio que afect\u00f3 algunas \u00e1reas de su hotel en Costa Dorada Puerto Plata.<br \/>\nEl incendio afect\u00f3 \u00e1reas del teatro y las zonas de dormitorios de una parte de los empleados y en ning\u00fan momento ninguno de los hu\u00e9spedes ni colaboradores estuvieron en peligro, aplic\u00e1ndose rigurosamente los protocolos previstos ante eventualidades c\u00f3mo est\u00e1s.<br \/>\nLa empresa destac\u00f3 que ni los restaurantes ni las \u00e1reas comunes ni las habitaciones de los hu\u00e9spedes fueron afectadas por el siniestro, por lo que sus operaciones se realizan con normalidad.<br \/>\nLa intensa llamarada que se produjo en los momentos iniciales del evento provoc\u00f3 que algunas personas realizaran fotograf\u00edas y videos que hac\u00edan parecer que el incendio afectaba todo el hotel, situaci\u00f3n que en ning\u00fan momento se produjo.<br \/>\nLa gerencia de Iberostar en Rep\u00fablica Dominicana agradeci\u00f3 a los Bomberos de Puerto Plata y de municipios aleda\u00f1os que acudieron en auxilio, as\u00ed como a la Defensa Civil, Cruz Roja, Rescate \u00c1mbar, a la Polic\u00eda Nacional en encabezada por el general Jacinto Minaya, a la Fuerza A\u00e9rea Manuel Abad Garc\u00eda y a las autoridades locales la gobernadora Claritza Rochtte, la directora provincial de Turismo Stephany Kfouri, el alcalde Roquelito Garc\u00eda y de manera especial al presidente Luis Abinader y al ministro de Turismo David Collado que dieron todo el apoyo necesario a trav\u00e9s de la gobernadora y dem\u00e1s autoridades.<br \/>\nIberostar asegur\u00f3 que proceder\u00e1 de inmediato a realizar un levantamiento de los cuantiosos da\u00f1os ocasionados por el siniestro y las causas del mismo, para tomar las medidas necesarias a fin de reducir el riesgo de este tipo de situaciones que pueden darse en particular en el verano por las altas temperaturas.<br \/>\nLa empresa agradeci\u00f3 igualmente a las empresas locales que prestaron auxilio as\u00ed como el inter\u00e9s y el respaldo de todo el sector tur\u00edstico y asociaciones hoteleras ante la situaci\u00f3n felizmente superada.<\/p>\n<p>&nbsp;<\/p>\n<p>Impactos: 52<\/p>","protected":false},"excerpt":{"rendered":"<p>Por\u00a0M\u00c1XIMO LAUREANO PUERTO PLATA, Rep\u00fablica Dominicana.- Cientos de hu\u00e9spedes del Hotel Ibero Star, en Puerto Plata, est\u00e1n a salvo tras un incendio ocurrido la<\/p>\n","protected":false},"author":3,"featured_media":13632,"comment_status":"open","ping_status":"closed","sticky":false,"template":"","format":"standard","meta":[],"categories":[3],"tags":[],"_links":{"self":[{"href":"https:\/\/hormigaradio.com\/index.php?rest_route=\/wp\/v2\/posts\/13629"}],"collection":[{"href":"https:\/\/hormigaradio.com\/index.php?rest_route=\/wp\/v2\/posts"}],"about":[{"href":"https:\/\/hormigaradio.com\/index.php?rest_route=\/wp\/v2\/types\/post"}],"author":[{"embeddable":true,"href":"https:\/\/hormigaradio.com\/index.php?rest_route=\/wp\/v2\/users\/3"}],"replies":[{"embeddable":true,"href":"https:\/\/hormigaradio.com\/index.php?rest_route=%2Fwp%2Fv2%2Fcomments&post=13629"}],"version-history":[{"count":5,"href":"https:\/\/hormigaradio.com\/index.php?rest_route=\/wp\/v2\/posts\/13629\/revisions"}],"predecessor-version":[{"id":13636,"href":"https:\/\/hormigaradio.com\/index.php?rest_route=\/wp\/v2\/posts\/13629\/revisions\/13636"}],"wp:featuredmedia":[{"embeddable":true,"href":"https:\/\/hormigaradio.com\/index.php?rest_route=\/wp\/v2\/media\/13632"}],"wp:attachment":[{"href":"https:\/\/hormigaradio.com\/index.php?rest_route=%2Fwp%2Fv2%2Fmedia&parent=13629"}],"wp:term":[{"taxonomy":"category","embeddable":true,"href":"https:\/\/hormigaradio.com\/index.php?rest_route=%2Fwp%2Fv2%2Fcategories&post=13629"},{"taxonomy":"post_tag","embeddable":true,"href":"https:\/\/hormigaradio.com\/index.php?rest_route=%2Fwp%2Fv2%2Ftags&post=13629"}],"curies":[{"name":"wp","href":"https:\/\/api.w.org\/{rel}","templated":true}]}}