{"id":13645,"date":"2021-08-12T18:33:48","date_gmt":"2021-08-12T18:33:48","guid":{"rendered":"http:\/\/hormigaradio.com\/?p=13645"},"modified":"2021-08-12T18:35:46","modified_gmt":"2021-08-12T18:35:46","slug":"presentan-proyecto-para-conservar-y-expandir-la-rosa-de-bayahibe","status":"publish","type":"post","link":"https:\/\/hormigaradio.com\/?p=13645","title":{"rendered":"PRESENTAN PROYECTO PARA CONSERVAR Y EXPANDIR LA ROSA DE BAYAH\u00cdBE"},"content":{"rendered":"<div class=\"article-body-content\">\n<p>Por\u00a0<a class=\"text-font font-700\" href=\"https:\/\/acento.com.do\/autor\/index.html?user_slug=servicios\">SERVICIOS DE ACENTO.COM.DO<\/a><\/p>\n<p>SANTO DOMINGO, Rep\u00fablica Dominicana.-\u00a0El Fondo Nacional para Medio Ambiente y Recursos Naturales (Fondo MARENA) y el Ministerio de Medio Ambiente y Recursos Naturales realizaron el lanzamiento del proyecto para la conservaci\u00f3n, educaci\u00f3n y reconocimiento de la Pereskia quisqueyana, Rosa de Bayah\u00edbe que es la flor nacional de Rep\u00fablica Dominicana, la cual se encuentra en peligro cr\u00edtico de extinci\u00f3n.<\/p>\n<p>El lanzamiento fue realizado en el lobby del Ministerio de Medio Ambiente en una actividad encabezada por el ministro Orlando Jorge Mera y la directora ejecutiva de Fondo MARENA Judith Valdez.<\/p>\n<picture class=\"image\"><img loading=\"lazy\" src=\"https:\/\/acento.com.do\/media\/storage02\/uploads\/2021\/08\/acto-de-lanzamiento-full-728x410.webp\" alt=\"\" width=\"1280\" height=\"853\" \/><\/picture>Durante el acto Jorge Mera felicit\u00f3 la iniciativa del Fondo MARENA y al equipo de la instituci\u00f3n e indic\u00f3 que con este proyecto el Ministerio fortalecer\u00e1 las acciones que realiza para cuidar la flor nacional establecida en la Ley 146-11.<\/p>\n<p>La iniciativa busca documentar y analizar cient\u00edficamente las condiciones propicias para la reproducci\u00f3n de la Pereskia quisqueyana, identificar e implementar alternativas que permitan garantizar su conservaci\u00f3n y multiplicaci\u00f3n por medio de un empoderamiento de la ciudadan\u00eda.<\/p>\n<p>El proyecto tambi\u00e9n cuenta con el apoyo del Jard\u00edn Bot\u00e1nico Nacional (JBN) Dr. Rafael Mar\u00eda Moscoso y el Jard\u00edn Bot\u00e1nico de Santiago.<\/p>\n<p>Con este proyecto, se construir\u00e1 un vivero en el Jard\u00edn Bot\u00e1nico Nacional con capacidad para aproximadamente 4,000 plantas y se fortalecer\u00e1 su banco de semillas para junto a las labores de educaci\u00f3n y promoci\u00f3n evitar la extinci\u00f3n de la flor nacional.<\/p>\n<div id=\"news-4-13\" class=\"banner-box dfp-async loaded\" data-bannerdesktop=\"true\" data-bannermobile=\"true\" data-google-query-id=\"CJLI0ciMrPICFbr0KAUd4wYKsw\">\n<div id=\"google_ads_iframe_5168668\/News_Middle_02_0__container__\">Tambi\u00e9n con el proyecto se designar\u00e1 un \u00e1rea en cada municipio en la que ser\u00e1 sembrada la Pereskia quisqueyana en coordinaci\u00f3n con los ayuntamientos, quienes deber\u00e1n asumir el compromiso de proteger dicho espacio donde ser\u00e1 colocada una tarja con informaciones b\u00e1sicas relativas a la flor nacional.<\/div>\n<\/div>\n<p>La Rosa de Bayah\u00edbe (Pereskia quisqueyana) fue descubierta por el bot\u00e1nico estadounidense Henri Alain Liogier en el a\u00f1o 1977. Pertenece a la familia de las Cact\u00e1ceas y es uno de los pocos cactus con hojas, y designada como flor nacional de Rep\u00fablica Dominicana el 12 de julio del a\u00f1o 2011<\/p>\n<\/div>\n<div id=\"tags\" class=\"tags flex-container align-center flex-wrap\"><\/div>\n<div id=\"comentarios\" class=\"\">\n<div id=\"comments1\" class=\"fb-comments hide fb_iframe_widget fb_iframe_widget_fluid_desktop\" data-href=\"https:\/\/acento.com.do\/ecologia\/lanzan-proyecto-para-conservar-y-expandir-la-rosa-de-bayahibe-8974303.html\" data-numposts=\"5\" data-width=\"728\"><\/div>\n<\/div>\n<p>Impactos: 181<\/p>","protected":false},"excerpt":{"rendered":"<p>Por\u00a0SERVICIOS DE ACENTO.COM.DO SANTO DOMINGO, Rep\u00fablica Dominicana.-\u00a0El Fondo Nacional para Medio Ambiente y Recursos Naturales (Fondo MARENA) y el Ministerio de Medio Ambiente y<\/p>\n","protected":false},"author":3,"featured_media":13647,"comment_status":"open","ping_status":"closed","sticky":false,"template":"","format":"standard","meta":[],"categories":[5],"tags":[],"_links":{"self":[{"href":"https:\/\/hormigaradio.com\/index.php?rest_route=\/wp\/v2\/posts\/13645"}],"collection":[{"href":"https:\/\/hormigaradio.com\/index.php?rest_route=\/wp\/v2\/posts"}],"about":[{"href":"https:\/\/hormigaradio.com\/index.php?rest_route=\/wp\/v2\/types\/post"}],"author":[{"embeddable":true,"href":"https:\/\/hormigaradio.com\/index.php?rest_route=\/wp\/v2\/users\/3"}],"replies":[{"embeddable":true,"href":"https:\/\/hormigaradio.com\/index.php?rest_route=%2Fwp%2Fv2%2Fcomments&post=13645"}],"version-history":[{"count":1,"href":"https:\/\/hormigaradio.com\/index.php?rest_route=\/wp\/v2\/posts\/13645\/revisions"}],"predecessor-version":[{"id":13646,"href":"https:\/\/hormigaradio.com\/index.php?rest_route=\/wp\/v2\/posts\/13645\/revisions\/13646"}],"wp:featuredmedia":[{"embeddable":true,"href":"https:\/\/hormigaradio.com\/index.php?rest_route=\/wp\/v2\/media\/13647"}],"wp:attachment":[{"href":"https:\/\/hormigaradio.com\/index.php?rest_route=%2Fwp%2Fv2%2Fmedia&parent=13645"}],"wp:term":[{"taxonomy":"category","embeddable":true,"href":"https:\/\/hormigaradio.com\/index.php?rest_route=%2Fwp%2Fv2%2Fcategories&post=13645"},{"taxonomy":"post_tag","embeddable":true,"href":"https:\/\/hormigaradio.com\/index.php?rest_route=%2Fwp%2Fv2%2Ftags&post=13645"}],"curies":[{"name":"wp","href":"https:\/\/api.w.org\/{rel}","templated":true}]}}