{"id":13694,"date":"2021-08-20T04:45:58","date_gmt":"2021-08-20T04:45:58","guid":{"rendered":"http:\/\/hormigaradio.com\/?p=13694"},"modified":"2021-08-20T04:45:58","modified_gmt":"2021-08-20T04:45:58","slug":"obispo-aboga-por-fortalecimiento-institucional-para-lograr-verdadera-restauracionvideo","status":"publish","type":"post","link":"https:\/\/hormigaradio.com\/?p=13694","title":{"rendered":"OBISPO ABOGA POR FORTALECIMIENTO INSTITUCIONAL PARA LOGRAR &#8220;VERDADERA RESTAURACI\u00d3N&#8221;(V\u00eddeo)"},"content":{"rendered":"<p>Por\u00a0<a class=\"text-font font-700\" href=\"https:\/\/acento.com.do\/autor\/index.html?user_slug=mlaureano\">M\u00c1XIMO LAUREANO<\/a><\/p>\n<p>SANTIAGO DE LOS CABALLEROS, Rep\u00fablica Dominicana.-Tom\u00e1s Morel, obispo auxiliar de Arquidi\u00f3cesis de Santiago, abog\u00f3 por un fortalecimiento institucional para lograr lo que denomin\u00f3 como &#8220;verdadera restauraci\u00f3n&#8221;.<\/p>\n<p>Llam\u00f3 a mantener la lucha por el fortalecimiento de la institucionalidad y la democracia, aspectos que seg\u00fan predica, a\u00fan son tareas pendientes, en esto 158 a\u00f1os de la Restauraci\u00f3n de la Rep\u00fablica.<\/p>\n<p><iframe loading=\"lazy\" src=\"https:\/\/player.vimeo.com\/video\/589508651?h=4a45c24279&amp;color=ef0000\" width=\"640\" height=\"360\" frameborder=\"0\" allowfullscreen=\"allowfullscreen\" data-mce-fragment=\"1\"><\/iframe><\/p>\n<p>\u201cTodav\u00eda nos hace falta, hacer de la democracia, una aut\u00e9ntica democracia, hacer de nuestro pa\u00eds, un pa\u00eds aut\u00e9nticamente libre, hacer de la pol\u00edtica un arte de servicio, de entrega, de sacrificio y donaci\u00f3n a los dem\u00e1s\u201d, dijo monse\u00f1or Tom\u00e1s Morel, en la Homil\u00eda, por el aniversario de la Restauraci\u00f3n de la Rep\u00fablica.<\/p>\n<p>Agreg\u00f3 que en estos momentos el gran reto que tiene el pa\u00eds, es restaurar las instituciones y lograr que cada ciudadano, cada pol\u00edtico, asuma ese compromiso.<\/p>\n<p>\u201cUn pa\u00eds con una institucionalidad y una democracia fr\u00e1gil, es tambi\u00e9n un pa\u00eds fr\u00e1gil.\u201d, proclam\u00f3 el l\u00edder religioso, ante la presencia de funcionarios locales, que asistieron este jueves al Tedeum, por el aniversario de la Restauraci\u00f3n de la Rep\u00fablica, en la catedral Santiago Ap\u00f3stol<\/p>\n<p>Impactos: 165<\/p>","protected":false},"excerpt":{"rendered":"<p>Por\u00a0M\u00c1XIMO LAUREANO SANTIAGO DE LOS CABALLEROS, Rep\u00fablica Dominicana.-Tom\u00e1s Morel, obispo auxiliar de Arquidi\u00f3cesis de Santiago, abog\u00f3 por un fortalecimiento institucional para lograr lo que<\/p>\n","protected":false},"author":3,"featured_media":13695,"comment_status":"open","ping_status":"closed","sticky":false,"template":"","format":"standard","meta":[],"categories":[1],"tags":[],"_links":{"self":[{"href":"https:\/\/hormigaradio.com\/index.php?rest_route=\/wp\/v2\/posts\/13694"}],"collection":[{"href":"https:\/\/hormigaradio.com\/index.php?rest_route=\/wp\/v2\/posts"}],"about":[{"href":"https:\/\/hormigaradio.com\/index.php?rest_route=\/wp\/v2\/types\/post"}],"author":[{"embeddable":true,"href":"https:\/\/hormigaradio.com\/index.php?rest_route=\/wp\/v2\/users\/3"}],"replies":[{"embeddable":true,"href":"https:\/\/hormigaradio.com\/index.php?rest_route=%2Fwp%2Fv2%2Fcomments&post=13694"}],"version-history":[{"count":1,"href":"https:\/\/hormigaradio.com\/index.php?rest_route=\/wp\/v2\/posts\/13694\/revisions"}],"predecessor-version":[{"id":13696,"href":"https:\/\/hormigaradio.com\/index.php?rest_route=\/wp\/v2\/posts\/13694\/revisions\/13696"}],"wp:featuredmedia":[{"embeddable":true,"href":"https:\/\/hormigaradio.com\/index.php?rest_route=\/wp\/v2\/media\/13695"}],"wp:attachment":[{"href":"https:\/\/hormigaradio.com\/index.php?rest_route=%2Fwp%2Fv2%2Fmedia&parent=13694"}],"wp:term":[{"taxonomy":"category","embeddable":true,"href":"https:\/\/hormigaradio.com\/index.php?rest_route=%2Fwp%2Fv2%2Fcategories&post=13694"},{"taxonomy":"post_tag","embeddable":true,"href":"https:\/\/hormigaradio.com\/index.php?rest_route=%2Fwp%2Fv2%2Ftags&post=13694"}],"curies":[{"name":"wp","href":"https:\/\/api.w.org\/{rel}","templated":true}]}}