{"id":13697,"date":"2021-08-20T20:19:27","date_gmt":"2021-08-20T20:19:27","guid":{"rendered":"http:\/\/hormigaradio.com\/?p=13697"},"modified":"2021-08-20T20:28:18","modified_gmt":"2021-08-20T20:28:18","slug":"capex-firma-acuerdo-con-afp-siembra-para-elevar-capital-intelectual","status":"publish","type":"post","link":"https:\/\/hormigaradio.com\/?p=13697","title":{"rendered":"CAPEX FIRMA ACUERDO CON AFP SIEMBRA PARA ELEVAR CAPITAL INTELECTUAL"},"content":{"rendered":"<p><strong>H.R.<\/strong><\/p>\n<p>Un convenio suscrito entre la direcci\u00f3n de Capex y AFP Siembra, permitir\u00e1 acercar al p\u00fablico empresarial a pensadores estelares y generar espacios junto a actores de influencia nacional e internacional.<\/p>\n<p>La Alianza Capex\u2013AFP Siembra fue firmada por Miguel A. Lama, por el Centro de Innovaci\u00f3n y Capacitaci\u00f3n Profesional ubicado en el Parque Industrial V\u00edctor Espaillat Mera; y Alvin Mart\u00ednez, vicepresidente de AFP Siembra.<\/p>\n<figure id=\"attachment_13699\" aria-describedby=\"caption-attachment-13699\" style=\"width: 715px\" class=\"wp-caption aligncenter\"><a href=\"http:\/\/hormigaradio.com\/wp-content\/uploads\/2021\/08\/WhatsApp-Image-2021-08-20-at-4.08.01-PM.jpeg\"><img loading=\"lazy\" class=\"wp-image-13699 size-large\" src=\"http:\/\/hormigaradio.com\/wp-content\/uploads\/2021\/08\/WhatsApp-Image-2021-08-20-at-4.08.01-PM-1024x684.jpeg\" alt=\"\" width=\"715\" height=\"478\" srcset=\"https:\/\/hormigaradio.com\/wp-content\/uploads\/2021\/08\/WhatsApp-Image-2021-08-20-at-4.08.01-PM-1024x684.jpeg 1024w, https:\/\/hormigaradio.com\/wp-content\/uploads\/2021\/08\/WhatsApp-Image-2021-08-20-at-4.08.01-PM-300x200.jpeg 300w, https:\/\/hormigaradio.com\/wp-content\/uploads\/2021\/08\/WhatsApp-Image-2021-08-20-at-4.08.01-PM-768x513.jpeg 768w, https:\/\/hormigaradio.com\/wp-content\/uploads\/2021\/08\/WhatsApp-Image-2021-08-20-at-4.08.01-PM.jpeg 1600w\" sizes=\"(max-width: 715px) 100vw, 715px\" \/><\/a><figcaption id=\"caption-attachment-13699\" class=\"wp-caption-text\"><em><strong>Alvin Mart\u00ednez, Siembra y Miguel Lama R., Capex, en la firma del convenio.<\/strong><\/em><\/figcaption><\/figure>\n<p>\u00a8Este convenio tiene el objetivo de dise\u00f1ar experiencias innovadoras, que apuesten al desarrollo y fomenten el capital intelectual de profesionales y empresas en la Rep\u00fablica Dominicana\u00a8, expres\u00f3 Miguel Lama, del consejo directivo de Capex.<\/p>\n<p>Previo a la firma del acuerdo, Alvin Mart\u00ednez. vicepresidente ejecutivo de AFP Siembra expres\u00f3 que la empresa est\u00e1 comprometida con el desarrollo profesional, a trav\u00e9s de proveer informaci\u00f3n transformadora, con personalidades influyentes, que seguir\u00e1n siendo parte del calendario de actividades entre ambas entidades.<\/p>\n<p>Desde hace a\u00f1os, Capex y AFP Siembra han generado experiencias importantes para la comunidad empresarial. Esas colaboraciones han tenido el formato de conferencias magistrales, simposio y programas de Responsabilidad Social.<\/p>\n<p><strong>Sobre Capex y AFP Siembra <\/strong><\/p>\n<p>CAPEX tiene una historia de diez a\u00f1os. De sus aulas han egresado m\u00e1s de 20,000 personas en los diferentes programas de formaci\u00f3n. Funciona en el Parque Industrial V\u00edctor Espaillat Mera, donde convirtieron una antigua edificaci\u00f3n industrial en un centro de alta eficiencia en la preparaci\u00f3n de talentos para el pa\u00eds.<\/p>\n<p>AFP Siembra, especializada en el manejo de fondos de pensiones, fue fundada en 1998. Se apoya en los principios de seguridad, estabilidad y transparencia. Fue la primera AFP del pa\u00eds autorizada por la Superintendencia de Pensiones.<\/p>\n<p>Impactos: 176<\/p>","protected":false},"excerpt":{"rendered":"<p>H.R. Un convenio suscrito entre la direcci\u00f3n de Capex y AFP Siembra, permitir\u00e1 acercar al p\u00fablico empresarial a pensadores estelares y generar espacios junto<\/p>\n","protected":false},"author":3,"featured_media":13699,"comment_status":"open","ping_status":"closed","sticky":false,"template":"","format":"standard","meta":[],"categories":[3],"tags":[],"_links":{"self":[{"href":"https:\/\/hormigaradio.com\/index.php?rest_route=\/wp\/v2\/posts\/13697"}],"collection":[{"href":"https:\/\/hormigaradio.com\/index.php?rest_route=\/wp\/v2\/posts"}],"about":[{"href":"https:\/\/hormigaradio.com\/index.php?rest_route=\/wp\/v2\/types\/post"}],"author":[{"embeddable":true,"href":"https:\/\/hormigaradio.com\/index.php?rest_route=\/wp\/v2\/users\/3"}],"replies":[{"embeddable":true,"href":"https:\/\/hormigaradio.com\/index.php?rest_route=%2Fwp%2Fv2%2Fcomments&post=13697"}],"version-history":[{"count":3,"href":"https:\/\/hormigaradio.com\/index.php?rest_route=\/wp\/v2\/posts\/13697\/revisions"}],"predecessor-version":[{"id":13701,"href":"https:\/\/hormigaradio.com\/index.php?rest_route=\/wp\/v2\/posts\/13697\/revisions\/13701"}],"wp:featuredmedia":[{"embeddable":true,"href":"https:\/\/hormigaradio.com\/index.php?rest_route=\/wp\/v2\/media\/13699"}],"wp:attachment":[{"href":"https:\/\/hormigaradio.com\/index.php?rest_route=%2Fwp%2Fv2%2Fmedia&parent=13697"}],"wp:term":[{"taxonomy":"category","embeddable":true,"href":"https:\/\/hormigaradio.com\/index.php?rest_route=%2Fwp%2Fv2%2Fcategories&post=13697"},{"taxonomy":"post_tag","embeddable":true,"href":"https:\/\/hormigaradio.com\/index.php?rest_route=%2Fwp%2Fv2%2Ftags&post=13697"}],"curies":[{"name":"wp","href":"https:\/\/api.w.org\/{rel}","templated":true}]}}