{"id":13704,"date":"2021-08-21T17:18:48","date_gmt":"2021-08-21T17:18:48","guid":{"rendered":"http:\/\/hormigaradio.com\/?p=13704"},"modified":"2021-08-21T17:34:48","modified_gmt":"2021-08-21T17:34:48","slug":"director-proindustria-afirma-discurso-presidente-abinader-estuvo-a-tono-con-la-verdad","status":"publish","type":"post","link":"https:\/\/hormigaradio.com\/?p=13704","title":{"rendered":"DIRECTOR PROINDUSTRIA  AFIRMA DISCURSO PRESIDENTE ABINADER, ESTUVO A TONO CON LA  VERDAD"},"content":{"rendered":"<p><strong>H.R.<\/strong><\/p>\n<p>El director general del Centro de Desarrollo y Productividad Industrial (<a href=\"http:\/\/www.proindustria.gob.do\/\">Proindustria<\/a>), Ulises Rodr\u00edguez, expres\u00f3 el discurso del presidente Luis Abinader estuvo basado en verdades, por lo que exhort\u00f3 a la oposici\u00f3n a ser responsables y reconocer los avances alcanzados en el primer a\u00f1o de Gobierno.Destac\u00f3 que en su discurso del mi\u00e9rcoles el presidente Abinader \u201cfue sincero, honesto, claro, contundente y preciso\u201d, por lo que consider\u00f3 que ante los logros expuestos laoposici\u00f3n no debe ser mezquina y negar esos avances.<\/p>\n<figure id=\"attachment_13708\" aria-describedby=\"caption-attachment-13708\" style=\"width: 300px\" class=\"wp-caption alignleft\"><a href=\"http:\/\/hormigaradio.com\/wp-content\/uploads\/2021\/08\/segundo.jpg\"><img loading=\"lazy\" class=\"wp-image-13708 size-medium\" src=\"http:\/\/hormigaradio.com\/wp-content\/uploads\/2021\/08\/segundo-300x200.jpg\" alt=\"\" width=\"300\" height=\"200\" srcset=\"https:\/\/hormigaradio.com\/wp-content\/uploads\/2021\/08\/segundo-300x200.jpg 300w, https:\/\/hormigaradio.com\/wp-content\/uploads\/2021\/08\/segundo-768x512.jpg 768w, https:\/\/hormigaradio.com\/wp-content\/uploads\/2021\/08\/segundo.jpg 1024w\" sizes=\"(max-width: 300px) 100vw, 300px\" \/><\/a><figcaption id=\"caption-attachment-13708\" class=\"wp-caption-text\"><em><strong>Luis Abinader y Ulises Rodr\u00edguez.<\/strong><\/em><\/figcaption><\/figure>\n<p>Record\u00f3 que esos avances fueron posibles pese al impacto negativo de la propagaci\u00f3n del coronavirus del COVID-19 en el pa\u00eds, en medio de la cual el presidente Abinader asumi\u00f3 las riendas del Estado.<\/p>\n<p>El funcionario valor\u00f3 como exitosa la lucha contra la pandemia y de trascendental el haber obtenido a tiempo las suficientes vacunas para inocular a la poblaci\u00f3n y posibilitar primero que mucho pa\u00eds de la regi\u00f3n y del mundo a la recuperaci\u00f3n econ\u00f3mica.<\/p>\n<p>Resalt\u00f3 que el presidente Abinader explic\u00f3 c\u00f3mo en su primer a\u00f1o de administraci\u00f3n se ha iniciado la recuperaci\u00f3n econ\u00f3mica, lo que ha permitido generar nuevos empleos.<\/p>\n<p>Otros aspectos tratados en su discurso por el mandatario fueron en la transparencia en el Estado, la independencia del Poder Judicial y el respecto a los dem\u00e1s a los dem\u00e1s poderes, lo que Rodr\u00edguez entiende evidencian el avance del pa\u00eds en este primer a\u00f1o de gobierno.<\/p>\n<p>\u201cSobre todo, el Ministerio P\u00fablico con la designaci\u00f3n de Miriam German y manteniendo los dem\u00e1s fiscales\u201d, agreg\u00f3 el director de Proindustria.<\/p>\n<p>Seg\u00fan la valoraci\u00f3n de Ulises Rodr\u00edguez, el presidente Abinader ha hecho desde el Gobierno lo que no hicieron sus antecesores, \u201cque comenz\u00f3 a disminuir el tama\u00f1o del Estado en vez de usarlo para beneficio de sus partidarios y seguidores\u201d.<\/p>\n<p>Otro punto valorado por el director de Proindustria, son los anuncios de la construcci\u00f3n de un conjunto de obras de gran impacto en las diferentes regiones del pa\u00eds, lo que contribuir\u00e1 a mantener el crecimiento econ\u00f3mico de la naci\u00f3n.<\/p>\n<p>&nbsp;<\/p>\n<p>Impactos: 3681<\/p>","protected":false},"excerpt":{"rendered":"<p>H.R. El director general del Centro de Desarrollo y Productividad Industrial (Proindustria), Ulises Rodr\u00edguez, expres\u00f3 el discurso del presidente Luis Abinader estuvo basado en<\/p>\n","protected":false},"author":3,"featured_media":13708,"comment_status":"open","ping_status":"closed","sticky":false,"template":"","format":"standard","meta":[],"categories":[3],"tags":[],"_links":{"self":[{"href":"https:\/\/hormigaradio.com\/index.php?rest_route=\/wp\/v2\/posts\/13704"}],"collection":[{"href":"https:\/\/hormigaradio.com\/index.php?rest_route=\/wp\/v2\/posts"}],"about":[{"href":"https:\/\/hormigaradio.com\/index.php?rest_route=\/wp\/v2\/types\/post"}],"author":[{"embeddable":true,"href":"https:\/\/hormigaradio.com\/index.php?rest_route=\/wp\/v2\/users\/3"}],"replies":[{"embeddable":true,"href":"https:\/\/hormigaradio.com\/index.php?rest_route=%2Fwp%2Fv2%2Fcomments&post=13704"}],"version-history":[{"count":4,"href":"https:\/\/hormigaradio.com\/index.php?rest_route=\/wp\/v2\/posts\/13704\/revisions"}],"predecessor-version":[{"id":13710,"href":"https:\/\/hormigaradio.com\/index.php?rest_route=\/wp\/v2\/posts\/13704\/revisions\/13710"}],"wp:featuredmedia":[{"embeddable":true,"href":"https:\/\/hormigaradio.com\/index.php?rest_route=\/wp\/v2\/media\/13708"}],"wp:attachment":[{"href":"https:\/\/hormigaradio.com\/index.php?rest_route=%2Fwp%2Fv2%2Fmedia&parent=13704"}],"wp:term":[{"taxonomy":"category","embeddable":true,"href":"https:\/\/hormigaradio.com\/index.php?rest_route=%2Fwp%2Fv2%2Fcategories&post=13704"},{"taxonomy":"post_tag","embeddable":true,"href":"https:\/\/hormigaradio.com\/index.php?rest_route=%2Fwp%2Fv2%2Ftags&post=13704"}],"curies":[{"name":"wp","href":"https:\/\/api.w.org\/{rel}","templated":true}]}}